{"id":11216,"date":"2012-02-22T19:56:25","date_gmt":"2012-02-23T01:56:25","guid":{"rendered":"http:\/\/www.travelbymexico.com\/blog\/?p=11216"},"modified":"2012-02-22T19:59:45","modified_gmt":"2012-02-23T01:59:45","slug":"9o-festival-del-tambor-y-las-culturas-africanas-mexico-2012","status":"publish","type":"post","link":"https:\/\/www.travelbymexico.com\/blog\/11216-9o-festival-del-tambor-y-las-culturas-africanas-mexico-2012\/","title":{"rendered":"9\u00ba Festival del tambor y las culturas Africanas, M\u00e9xico 2012"},"content":{"rendered":"<h2>Se alista la 9\u00ba edici\u00f3n del &#8220;Festival del Tambor y Las Culturas Africanas&#8221; que se llevar\u00e1 a cabo el pr\u00f3ximo fin de semana en diversos espacios de la ciudad de M\u00e9xico.<\/h2>\n<p>Homenaje a los maestros Guineanos en M\u00e9xico, conciertos, muestra gastron\u00f3mica y artesanal de \u00c1frica, Latinoam\u00e9rica y el Caribe, Bailongo de Carnaval, talleres, presentaci\u00f3n de discos, expo-taller de trenzado de cabello, audici\u00f3n de m\u00fasica afrolatina, Master Class de percusiones y danzas Colombianas, conformar\u00e1n la programaci\u00f3n de este alegre evento que se llevar\u00e1 a cabo los d\u00edas<strong> 25 y 26 de febrero 2012<\/strong> en el <strong>&#8220;Foro Lindbergh del Parque M\u00e9xico&#8221;<\/strong>, el Centro de Espect\u00e1culos <strong>&#8220;El Plaza Condesa&#8221;<\/strong>, y el <strong>&#8220;Caf\u00e9 y Galer\u00eda Tintico&#8221;<\/strong>.<\/p>\n<p>El Festival del Tambor y Las Culturas Africanas es un proyecto independiente cuyo objetivo principal es acercar a los j\u00f3venes y al p\u00fablico mexicano en general a las diversas manifestaciones culturales de ra\u00edz africana que existen en el mundo, y reafirmar la identidad cultural de la &#8220;<strong>tercera ra\u00edz mexicana<\/strong>&#8220;, es decir la africana que, junto a la ra\u00edz ind\u00edgena y espa\u00f1ola, forma parte integrante del M\u00e9xico actual y define a la poblaci\u00f3n de afrodescendientes conocidos como los Afromexicanos.<\/p>\n<p><span style=\"text-decoration: underline;\"><strong>Este evento cuenta con el apoyo de<\/strong><\/span> la Secretar\u00eda de Cultura del Gobierno del Distrito Federal, la Delegaci\u00f3n Cuauht\u00e9moc, la Embajada de Colombia y algunas embajadas del Continente Africano en M\u00e9xico.<\/p>\n<h3>Programa de Eventos Festival del Tambor y Las Culturas Africanas, M\u00e9xico 2012<\/h3>\n<h3>Eventos del S\u00e1bado 25 de febrero de 2012<\/h3>\n<p><span style=\"text-decoration: underline;\"><strong>INAUGURACI\u00d3N DEL FESTIVAL<\/strong><\/span><br \/>\nForo Lindbergh del Parque M\u00e9xico. Col. Condesa. De 11.00 a 19.00 hrs. Entrada libre.<br \/>\nMetrob\u00fas Sonora\/Campeche. Estaci\u00f3n de Metro: Chilpancingo.<\/p>\n<p>Presentaci\u00f3n de grupos art\u00edsticos + Muestra gastron\u00f3mica y artesanal de \u00c1frica, Latinoam\u00e9rica y el Caribe.<\/p>\n<p><span style=\"text-decoration: underline;\"><strong>Funci\u00f3n de Gala &#8211; BAILANGO DE CARNAVAL<\/strong><\/span><\/p>\n<p><strong>&#8220;<a title=\"Video de la Pantera Mambo del grupo Orquesta la-33, en youtube.com\" href=\"http:\/\/www.youtube.com\/watch?v=MYvkJ-H-u4I \" target=\"_blank\">Orquesta la-33<\/a>&#8220;<\/strong> (Salsa Colombiana),<\/p>\n<p><strong>&#8220;<a title=\"Video en youtube.com del Grupo Amaxona en el XI Festival Iberoamericano de Teatro\" href=\"http:\/\/www.youtube.com\/watch?v=jdd3Cb_IzSc&amp;feature=related\" target=\"_blank\">Grupo Amaxona<\/a>&#8220;<\/strong> (Tambores de Colombia),<\/p>\n<p>&#8220;Gran Rueda de Casino&#8221;: <strong>Escuelas de Salsa de la Ciudad de M\u00e9xico<\/strong>.<\/p>\n<p><strong>Lugar:<\/strong> Centro de espect\u00e1culo <strong>&#8220;El Plaza Condesa&#8221;<\/strong>. Juan escutia No. 4, Col. Condesa, M\u00e9xico, D. F.<br \/>\n<span style=\"text-decoration: underline;\">El recinto abrir\u00e1 sus puertas a partir de las 19:00 hrs. y los conciertos iniciar\u00e1n a las 21:00 hrs.<\/span><\/p>\n<p><span style=\"text-decoration: underline;\"><strong>MASTER CLASS DE PERCUSIONES Y DANZAS COLOMBIANAS<\/strong><\/span><\/p>\n<p>Impartida por el Grupo Amaxona (Colombia).<br \/>\nLugar: &#8220;<strong>Caf\u00e9 y Galer\u00eda Tintico<\/strong>&#8220;. Rep\u00fablica de Cuba No. 41-43, Col. Centro. tel. 5510 31 53.<br \/>\nPreventa inscripci\u00f3n: $300 pesos. El d\u00eda del evento $ 400 pesos.<\/p>\n<p><span style=\"text-decoration: underline;\"><strong>RUMB\u00d3N DE CARNAVAL DE MEDIA NOCHE<\/strong><\/span><\/p>\n<p>A las 20:00 hrs. en el &#8220;<strong>Caf\u00e9 y Galer\u00eda Tintico<\/strong>&#8220;. Rep\u00fablica de Cuba No.41-43, Col. Centro. tel. 5510 31 53.<br \/>\nCosto de recuperaci\u00f3n: $ 100 pesos.<\/p>\n<p><span style=\"text-decoration: underline;\"><strong>TALLER Y EXHIBICI\u00d3N DE TRENZADO DE CABELLO<\/strong><\/span><\/p>\n<p>Impartido por la <strong>maestra Ahmede Nikamona<\/strong>. (Congo, Brazzaville).<br \/>\n<strong>Lugar<\/strong>: Foro Lindbergh del Parque M\u00e9xico. Col. Condesa. Metrob\u00fas Sonora\/Campeche. Estaci\u00f3n de Metro: Chilpancingo. Entrada libra.<br \/>\n<span style=\"text-decoration: underline;\">Se har\u00e1n grupos en el transcurso del d\u00eda.<\/span><\/p>\n<h3>Eventos del Domingo 26 de febrero de 2012<\/h3>\n<p><span style=\"text-decoration: underline;\"><strong>CLAUSURA del Festival del Tambor y Las Culturas Africanas 2012<\/strong><\/span><\/p>\n<p><strong>Muestra gastron\u00f3mica y artesanal<\/strong> de \u00c1frica, Latinoam\u00e9rica y el Caribe.<br \/>\n<strong>Presentaci\u00f3n de grupos art\u00edsticos<\/strong> de Africa, Colombia y M\u00e9xico + <strong>Homenaje a los maestros Guineanos<\/strong> en M\u00e9xico.<\/p>\n<p><strong>Karim Keita<\/strong> \u2013 Ex solista de &#8220;Les Ballets Africains&#8221; y primer maestro Guineano en radicar en M\u00e9xico.<br \/>\n<strong>Yadi K\u00e1mara<\/strong> &#8211; Guinea<br \/>\n<strong><a title=\"Video en Youtube de Kabele Bah\" href=\"http:\/\/www.youtube.com\/watch?v=uOSO05r-IAA&amp;feature=youtu.be\" target=\"_blank\">Kabele Bah<\/a><\/strong> &#8211; Guinea<br \/>\n<strong>Dar\u00edo Abdala<\/strong> \u2013 M\u00e9xico<br \/>\n<strong>Guty Fern\u00e1ndez<\/strong> \u2013 M\u00e9xico<br \/>\n<strong><a title=\"Presentaci\u00f3n del maestro Eduardo Garavito en el Festival del Tambor M\u00e9xico 2011\" href=\"http:\/\/www.youtube.com\/watch?v=UBMpA1zte30&amp;feature=youtu.be\" target=\"_blank\">Eduardo Garavito<\/a><\/strong> &#8211; M\u00e9xico<br \/>\n<strong><a title=\"Video en youtube.com del Grupo Amaxona en el XI Festival Iberoamericano de Teatro\" href=\"http:\/\/www.youtube.com\/watch?v=jdd3Cb_IzSc&amp;feature=related\" target=\"_blank\">Grupo Amaxona<\/a><\/strong> &#8211; Colombia.<\/p>\n<p><strong>Foro Lindbergh<\/strong> del Parque M\u00e9xico. Col. Condesa. <span style=\"text-decoration: underline;\"><strong>De 11.00 a 19.00 hrs<\/strong><\/span>. Entrada libre.<br \/>\nMetrob\u00fas Sonora\/Campeche. Estaci\u00f3n de Metro: Chilpancingo.<\/p>\n<p><span style=\"text-decoration: underline;\"><strong>REMATE DEL FESTIVAL EN EL CENTRO HIST\u00d3RICO DE M\u00c9XICO<\/strong><\/span><\/p>\n<p>&#8220;<strong>Dun Dun B\u00e1<\/strong>&#8221; (danza de los guerreros) con los maestros &#8220;\u00c1frica-M\u00e9xico\u201d<\/p>\n<p>Lugar: &#8220;Caf\u00e9 y Galer\u00eda Tintico&#8221;. Rep\u00fablica de Cuba No. 41-43, Col. Centro. tel. 5510 31 53. <span style=\"text-decoration: underline;\">Costo de recuperaci\u00f3n<\/span>: $ 70 pesos.<\/p>\n<p><span style=\"text-decoration: underline;\"><strong>TALLER Y EXHIBICI\u00d3N DE TRENZADO DE CABELLO<\/strong><\/span><\/p>\n<p>Impartido por la <strong>maestra Ahmede Nikamona<\/strong>. (Congo, Brazzaville).<br \/>\nLugar: Foro Lindbergh del Parque M\u00e9xico. Col. Condesa. Metrob\u00fas Sonora\/Campeche. Estaci\u00f3n de Metro: Chilpancingo. Entrada libra. <span style=\"text-decoration: underline;\">Se har\u00e1n grupos en el transcurso del d\u00eda.<\/span><\/p>\n<p><span style=\"text-decoration: underline;\"><strong>PRESENTACI\u00d3N DE DISCO<\/strong><\/span> (por confirmar)<\/p>\n<p><strong>Eduardo Garavito<\/strong> (M\u00e9xico).<br \/>\nForo Lindbergh del Parque M\u00e9xico. Col. Condesa. Metrob\u00fas Sonora\/Campeche. Estaci\u00f3n de Metro: Chilpancingo. Entrada libre.<\/p>\n<h3>Enlace de inter\u00e9s:<\/h3>\n<p><strong><a title=\"Presentaci\u00f3n digital del libro De Afromexicanos a Pueblo Negro, UNAM 2004\" href=\"http:\/\/www.nacionmulticultural.unam.mx\/Afromexicanos\/introduccion.html \" target=\"_blank\">Libro: &#8220;De Afromexicanos a Pueblo Negro&#8221; <\/a><\/strong><br \/>\nAutores: Reyes Larrea Israel, Rodr\u00edguez Mitchell Nemesio J. y Ziga Gabriel Jos\u00e9 Francisco<br \/>\nD.R. \u00a9 2004 Programa Universitario M\u00e9xico Nacion Multicultural-UNAM Ciudad Universitaria, M\u00e9xico D.F.<\/p>\n<p><strong><a title=\"Video promocional del 9 Festival del Tambor y las Culturas Africanas, M\u00e9xico 2012\" href=\"http:\/\/www.youtube.com\/watch?v=EumYZ5gch_o\" target=\"_blank\">Video promocional del Festival del Tambor y Las Culturas Africanas, M\u00e9xico 2012<\/a> <\/strong><\/p>\n<p><strong><a title=\"Sitio oficial del Festival del Tambor y las Culturas Africanas, M\u00e9xico 2012\" href=\"http:\/\/www.festivalafricano.org\/myaccount.html\" target=\"_blank\">Sitio oficial del Festival del Tambor y las Culturas Africanas <\/a><\/strong><\/p>\n<p><strong><a title=\"Eventos en la Rep\u00fablica Mexicana, Blog de Travelbymexico.com \" href=\"http:\/\/www.travelbymexico.com\/blog\/fiestas-y-celebraciones\/eventos-fiestas-y-celebraciones-2\/ \" target=\"_blank\">Ent\u00e9rate de otros eventos en M\u00e9xico<\/a>\u00a0 <\/strong><\/p>\n<p><strong><a title=\"Hoteles, mapas, videos, atractivos tur\u00edsticos, reportajes de la ciudad de M\u00e9xico\" href=\"http:\/\/www.travelbymexico.com\/ciudaddemexico\" target=\"_blank\">Gu\u00eda Tur\u00edstica de la Ciudad de M\u00e9xico <\/a><\/strong><\/p>\n","protected":false},"excerpt":{"rendered":"<p>Se alista la 9\u00ba edici\u00f3n del &#8220;Festival del Tambor y Las Culturas Africanas&#8221; que se llevar\u00e1 a cabo el pr\u00f3ximo<\/p>\n","protected":false},"author":2,"featured_media":11217,"comment_status":"closed","ping_status":"closed","sticky":false,"template":"","format":"standard","meta":[],"categories":[37],"tags":[1403,1967,2470,318,345,360,2467,2469,2466,896,2471,2468],"_links":{"self":[{"href":"https:\/\/www.travelbymexico.com\/blog\/wp-json\/wp\/v2\/posts\/11216"}],"collection":[{"href":"https:\/\/www.travelbymexico.com\/blog\/wp-json\/wp\/v2\/posts"}],"about":[{"href":"https:\/\/www.travelbymexico.com\/blog\/wp-json\/wp\/v2\/types\/post"}],"author":[{"embeddable":true,"href":"https:\/\/www.travelbymexico.com\/blog\/wp-json\/wp\/v2\/users\/2"}],"replies":[{"embeddable":true,"href":"https:\/\/www.travelbymexico.com\/blog\/wp-json\/wp\/v2\/comments?post=11216"}],"version-history":[{"count":4,"href":"https:\/\/www.travelbymexico.com\/blog\/wp-json\/wp\/v2\/posts\/11216\/revisions"}],"predecessor-version":[{"id":11221,"href":"https:\/\/www.travelbymexico.com\/blog\/wp-json\/wp\/v2\/posts\/11216\/revisions\/11221"}],"wp:featuredmedia":[{"embeddable":true,"href":"https:\/\/www.travelbymexico.com\/blog\/wp-json\/wp\/v2\/media\/11217"}],"wp:attachment":[{"href":"https:\/\/www.travelbymexico.com\/blog\/wp-json\/wp\/v2\/media?parent=11216"}],"wp:term":[{"taxonomy":"category","embeddable":true,"href":"https:\/\/www.travelbymexico.com\/blog\/wp-json\/wp\/v2\/categories?post=11216"},{"taxonomy":"post_tag","embeddable":true,"href":"https:\/\/www.travelbymexico.com\/blog\/wp-json\/wp\/v2\/tags?post=11216"}],"curies":[{"name":"wp","href":"https:\/\/api.w.org\/{rel}","templated":true}]}}