{"id":11194,"date":"2012-02-21T15:06:51","date_gmt":"2012-02-21T21:06:51","guid":{"rendered":"http:\/\/www.travelbymexico.com\/blog\/?p=11194"},"modified":"2012-02-21T15:46:33","modified_gmt":"2012-02-21T21:46:33","slug":"noche-de-museos-febrero-2012-recintos-participantes-y-programa-de-actividades","status":"publish","type":"post","link":"https:\/\/www.travelbymexico.com\/blog\/11194-noche-de-museos-febrero-2012-recintos-participantes-y-programa-de-actividades\/","title":{"rendered":"Noche de Museos Febrero 2012: recintos participantes y programa de actividades"},"content":{"rendered":"<h2>\u00bfCu\u00e1ndo y d\u00f3nde se lleva a cabo la &#8220;Noche de Museos&#8221;? El \u00faltimo mi\u00e9rcoles de cada mes, varios museos situados en el coraz\u00f3n de la ciudad de M\u00e9xico abren sus puertas al p\u00fablico en un horario nocturno (de 19:00 a 22:00 hrs.) ofreciendo visitas guiadas por sus salas, patios y fachadas, y actividades culturales como presentaci\u00f3n de libros, inauguraci\u00f3n de exposici\u00f3n, conciertos, charlas y declamaci\u00f3n de poemas.<\/h2>\n<h3>Programa de actividades de la Noche de Museos Febrero 2012<\/h3>\n<p>Organizada por la <strong>Secretar\u00eda de Cultura del Distrito Federal<\/strong> esta iniciativa se suma al sinn\u00famero de actividades culturales que colocan a la capital del pa\u00eds como una ciudad de vanguardia de la vida cultural nacional e internacional. A la primera &#8220;Noche de Museos 2012&#8221;, que se llev\u00f3 a cabo el 25 de enero, asistieron <strong>m\u00e1s de 5,000 visitantes<\/strong>. A continuaci\u00f3n les proporcionamos el programa completo de la pr\u00f3xima &#8220;Noche de Museos&#8221; que se llevar\u00e1 a cabo el <span style=\"text-decoration: underline;\"><strong>mi\u00e9rcoles 29 de febrero de 2012<\/strong><\/span>.<\/p>\n<h3><a title=\"Sitio Oficial del Antiguo Colegio de San Ildefonso, ciudad de M\u00e9xico\" href=\"http:\/\/www.sanildefonso.org.mx\/\" target=\"_blank\">Antiguo Colegio de San Ildefonso<\/a><\/h3>\n<p>De 19:00 a 21:30 hrs. Entrada libre. <em>Justo Sierra No.16, Centro Hist\u00f3rico, Ciudad de M\u00e9xico.<\/em><\/p>\n<p>19:00 hrs. <span style=\"text-decoration: underline;\"><strong>Performance &#8220;Kil\u00f3metros de Vapor&#8221;<\/strong><\/span> por el artista V\u00edctor P\u00e9rez-Rul<\/p>\n<p>Kil\u00f3metros de Vapor es una pieza desarrollada por\u00a0 como retribuci\u00f3n al Programa de Becas para Estudios en el Extranjero del FONCA en la que el artista sonoro ejecutar\u00e1 en vivo t\u00e9cnicas que se usan para la m\u00fasica electr\u00f3nica bailable, como el live sampling, redefiniendo y remezclando la ac\u00fastica de San Ildefonso, con sonidos y objetos para crear una experiencia altamente sensorial.<\/p>\n<p>19:30 <strong>y<\/strong> 20:00 hrs.<span style=\"text-decoration: underline;\"><strong>Visitas guiadas al acervo mural<\/strong><\/span>:\u00a0 murales de Jos\u00e9 Clemente Orozco, <a title=\"Rese\u00f1a del Museo Casa Diego Rivera en M\u00e9xico\" href=\"http:\/\/www.travelbymexico.com\/blog\/8588-museo-casa-estudio-diego-rivera\/\" target=\"_blank\">Diego Rivera<\/a>, entre otros.<\/p>\n<h3><a title=\"Rese\u00f1a del Archivo Hist\u00f3rico del D.F. Carlos de Sig\u00fcenza y G\u00f3ngora\" href=\"http:\/\/www.travelbymexico.com\/blog\/11199-archivo-historico-del-distrito-federal-carlos-de-siguenza-y-gongora\/\" target=\"_blank\">Archivo Hist\u00f3rico del Distrito Federal, Antiguo Palacio de los Conde de Heras Soto<\/a>.<\/h3>\n<p>De 19:00 a 22:00 hrs. Entrada libre. <em>Chile No.8, Centro Hist\u00f3rico, Ciudad de M\u00e9xico.\u00a0<\/em><\/p>\n<p>Visitas guiadas por el recinto.<\/p>\n<h3><a title=\"Centro Cultural de Espa\u00f1a en la ciudad de M\u00e9xico\" href=\"http:\/\/www.travelbymexico.com\/blog\/9105-centro-cultural-espana-un-espacio-sin-limites\/\" target=\"_blank\">Centro Cultural de Espa\u00f1a en M\u00e9xico <\/a><\/h3>\n<p>De 19:00 a 22:00 hrs. Entrada libre. <em>Guatemala No.18, Centro Hist\u00f3rico, Ciudad de M\u00e9xico.<\/em><\/p>\n<p><strong>Mi\u00e9rcoles de Jazz &amp; Tapas &#8220;M\u00fasica + Terraza&#8221;<\/strong><\/p>\n<p><strong>Homenaje a Miles Davis \/ 4ta. Muestra de Arte Visual Iberoamericano<\/strong> \/Visitas guiadas al &#8220;<strong>Calm\u00e9cac<\/strong>&#8221; (vestigios de la escuela donde estudiaban los hijos de gobernantes mexicas)\u00a0 Museo de Sitio INAH-CCEMx.<\/p>\n<h3><a title=\"Sitio oficial del Centro Cultural Tlatelolco\" href=\"http:\/\/www.tlatelolco.unam.mx\/actividad1.html \" target=\"_blank\">Centro Cultural Tlatelolco<\/a><\/h3>\n<p><span style=\"text-decoration: underline;\"><strong>De 18:00<\/strong><\/span> a 22:00 hrs. Entrada gratuita.<br \/>\nAv.Ricardo Flores Mag\u00f3n No. 1, Col. Nonoalco Tlatelolco, M\u00e9xico. Metro Tlatelolco y Metro Garibaldi.<\/p>\n<p>Se realizar\u00e1 una visita guiada por la exposici\u00f3n &#8220;<strong><a title=\"Obras maestras del Dr. Atl se exhiben en el CCU de Tlatelolco\" href=\"http:\/\/www.travelbymexico.com\/blog\/10970-obras-maestras-del-dr-atl-en-el-ccu-de-tlatelolco\/\" target=\"_blank\">Dr. Atl, Obras Maestras<\/a><\/strong>&#8220;, a cargo de la Dra. Olga S\u00e1enz;\u00a0 recorrido nocturno por algunos de los puntos emblem\u00e1ticos del Tlatelolco prehisp\u00e1nico.<\/p>\n<p>Una <strong>visita guiada por el Museo de Tlatelolco<\/strong> y todas sus exposiciones, entre ellas &#8220;<strong>Arte moderno de M\u00e9xico<\/strong>&#8221; (1900-1960) que re\u00fane 150 piezas de la <strong>Colecci\u00f3n Blaisten<\/strong> de grandes maestros de la pintura como Mar\u00eda Izquierdo, David Alfaro Siqueiros, Juan Soriano y Agust\u00edn Lazo, entre otros.<\/p>\n<h3>Museo Archivo de la Fotograf\u00eda (Casa de las Ajaracas)<\/h3>\n<p>Desde las 19:00 hrs. Entrada libre. <em>Rep\u00fablica de Guatemala No.34, Centro Hist\u00f3rico, Ciudad de M\u00e9xico.<\/em><\/p>\n<h3>&#8220;<strong>Exposici\u00f3n El ba\u00f1o. La fotograf\u00eda contempor\u00e1nea, entre lo p\u00fablico y lo privado y Urbes Imaginarias<\/strong>&#8220;.<\/h3>\n<h3><a title=\"Sitio oficial del Museo Colecci\u00f3n Blaisten\" href=\"http:\/\/www.museoblaisten.com\/v2008\/indexESP.asp \" target=\"_blank\">Museo Colecci\u00f3n Blaisten<\/a><\/h3>\n<p><span style=\"text-decoration: underline;\"><strong>De 18:00<\/strong><\/span> a 22:00 hrs.<br \/>\nLa Colecci\u00f3n Andr\u00e9s Blaisten re\u00fane a m\u00e1s de 300 obras de arte realizadas entre 1900 y 1960. Es una de las colecciones de Arte Mexicano mas amplias e importantes.<\/p>\n<h3><a title=\"Sitio Oficial del Museo de Arte Popular de la ciudad de M\u00e9xico\" href=\"http:\/\/www.map.df.gob.mx\/ \" target=\"_blank\">Museo de Arte Popular\u00a0 <\/a><\/h3>\n<p><span style=\"text-decoration: underline;\"><strong>Programa por confirmar<\/strong><\/span><\/p>\n<h3><a title=\"Rese\u00f1a del Museo de la Ciudad de M\u00e9xico\" href=\"http:\/\/www.cultura.df.gob.mx\/index.php\/recintos\/museos\/mcm\" target=\"_blank\">Museo de la Ciudad de M\u00e9xico<\/a>\u00a0 <strong><\/strong><\/h3>\n<p><strong>A partir de las <span style=\"text-decoration: underline;\">17:00 horas<\/span>.<\/strong> Entrada libre.<br \/>\nAv. Jos\u00e9 Mar\u00eda Pino Su\u00e1rez No.30, Centro Hist\u00f3rico, Del. Cuauht\u00e9moc. Distrito Federal. Estaciones de Metro: Z\u00f3calo y Pino Su\u00e1rez.<\/p>\n<p>17:00 hrs. Presentaci\u00f3n <strong>Documental &#8220;La Decena Tr\u00e1gica&#8221;<\/strong> de Juan Carlos Aupart.<br \/>\n18:00 hrs. Visita guiada por la exposici\u00f3n permanente &#8220;<strong>Fetiches cr\u00edticos<\/strong>&#8221; y &#8220;<strong>Dr. Lakra<\/strong>&#8220;.<br \/>\n19:00 hrs <strong>Visita guiada teatralizada<\/strong>.<\/p>\n<p>Cabe mencionar que dentro de las instalaciones de este museo se encuentra <strong>el estudio del pintor mexicano Joaqu\u00edn Clausell<\/strong>, que en sus muros dej\u00f3 plasmada una muestra de su obra.<\/p>\n<h3><a title=\"29 de febrero 2012: Noche de Museos en el Museo de la Luz, ciudad de M\u00e9xico\" href=\"http:\/\/www.luz.unam.mx\/actividades\/noche \" target=\"_blank\">Museo de la Luz<\/a><\/h3>\n<p>Visitas guiadas por cada una de las salas y los murales \u201cLuminiscencias&#8221; y \u201cDisecci\u00f3n de Ojo\u201d + demostraciones art\u00edsticas. <strong>Costo: $ 15 pesos<\/strong>.<\/p>\n<p><strong>19:00 a 19:40 hrs. &#8220;Poemas en la Luz&#8221;<\/strong><br \/>\nPoetas independientes compartir\u00e1n su talento y expresar\u00e1n su arte y sensibilidad.<br \/>\n<span style=\"text-decoration: underline;\"><strong>Poetas invitados<\/strong><\/span>: Omar Quintanar, Fabi\u00e1n el poeta prehisp\u00e1nico, Noe el poeta del metro, Hirashi, Adrian Saucedo del colectivo Monos Cuatreros.<\/p>\n<p><strong>20:00 a 20:40 hrs &#8220;Cantos de luz. M\u00e1s cultura menos violencia&#8221;.<\/strong><br \/>\nUna entrega musical a capella del<span style=\"text-decoration: underline;\"><strong> contratenor Juan Soto<\/strong><\/span> que abarcar\u00e1 g\u00e9neros como la \u00f3pera, y la m\u00fasica mexicana.<\/p>\n<h3><a title=\"Sitio oficial del Museo de la Mujer, ciudad de M\u00e9xico\" href=\"http:\/\/www.museodelamujer.org.mx\/ \" target=\"_blank\">Museo de la Mujer<\/a><\/h3>\n<p>Visitas guiadas a partir de las 19:00 hrs.<br \/>\n<em>Rep\u00fablica de Bolivia No. 17, entre Brasil y Argentina, Colonia Centro. Delegaci\u00f3n Cuauht\u00e9moc, M\u00e9xico D.F.<\/em><\/p>\n<h3><a title=\"Sitio oficial del Museo del Estanquillo\" href=\"http:\/\/www.museodelestanquillo.com\/\" target=\"_blank\">Museo del Estanquillo\u00a0 <\/a><\/h3>\n<p><span style=\"text-decoration: underline;\"><strong>Programa por confirmar<\/strong><\/span>. <em>Isabel La Cat\u00f3lica No. 26, Centro Hist\u00f3rico, Ciudad de M\u00e9xico, D.F.<\/em><\/p>\n<h3>Museo del Juguete Antiguo M\u00e9xico (MUJAM)<\/h3>\n<p><strong><a title=\"El MUJAM presenta el Ciclo de m\u00fasica experimental Historial 10\" href=\"http:\/\/museodeljuguete.mx\/2012\/02\/el-historial-010\/ \" target=\"_blank\">Conciertos de m\u00fasica experimental dentro del ciclo &#8220;El historial 10&#8221;<\/a><\/strong> +<strong><span style=\"text-decoration: underline;\"> acceso al museo =\u00a0 $65 pesos.<\/span><\/strong><br \/>\nEvento de apertura para el Diplomado de l\u00f3gicas digitales y expresiones materiales de la Universidad Iberoamericana: 20:00 hrs. Concierto de Loopez &amp; Fong. 21:30 hrs. Concierto de Jorge Ram\u00edrez.<\/p>\n<h3><a title=\"Sitio oficial del Museo del Palacio de Bellas Artes en la ciudad de M\u00e9xico\" href=\"http:\/\/www.palacio.bellasartes.gob.mx\/index.php\/cartelera\/mpba \" target=\"_blank\">Museo del Palacio de Bellas Artes\u00a0 <\/a><\/h3>\n<p>19:00 a 22:00 hrs. Entrada gratuita.<\/p>\n<p>19:00 hrs: La doctora en Historia del Arte Susana Pliego impartir\u00e1 hablar\u00e1 del <strong>mural de Diego Rivera<\/strong> titulado <span style=\"text-decoration: underline;\"><strong>&#8220;El hombre en el cruce de caminos a trav\u00e9s de los archivos&#8221;<\/strong><\/span>.<br \/>\n<em>Av. Ju\u00e1rez Esq. Eje Central, Centro Hist\u00f3rico, Ciudad de M\u00e9xico.<\/em><\/p>\n<h3><a title=\"Rese\u00f1a del Museo del Tel\u00e9grafo de la ciudad de M\u00e9xico\" href=\"http:\/\/www.telecomm.net.mx\/index.php?option=com_content&amp;view=article&amp;id=98&amp;Itemid=84 \" target=\"_blank\">Museo del Tel\u00e9grafo<\/a><\/h3>\n<p>19:00 Hrs. Visita Guiada: &#8220;<strong>Escribiendo un telegrama de amor en Morse<\/strong>&#8220;.<br \/>\nSituado en una ala del <a title=\"Museo Nacional de Arte de M\u00e9xico (MUNAL)\" href=\"http:\/\/www.travelbymexico.com\/ciudaddemexico\/atractivos\/index.php?nom=1309031001\" target=\"_blank\">MUNAL<\/a>, Tacuba No.8, (entrada por Callej\u00f3n Xicot\u00e9ncatl).<\/p>\n<h3><a title=\"Museo Mural Diego Rivera en la ciudad de M\u00e9xico\" href=\"http:\/\/www.museomuraldiegorivera.bellasartes.gob.mx\" target=\"_blank\">Museo Mural Diego Rivera<\/a><\/h3>\n<p>De 19:00 a 22:00 hrs. Entrada gratuita.<\/p>\n<p>19:00 hrs. <strong>Inauguraci\u00f3n exposici\u00f3n Angelina Beloff &#8220;Trazos de una vida&#8221;<\/strong>.<\/p>\n<h3><a title=\"Museo Nacional de Arte de M\u00e9xico (MUNAL)\" href=\"http:\/\/www.travelbymexico.com\/ciudaddemexico\/atractivos\/index.php?nom=1309031001\" target=\"_blank\">Museo Nacional de Arte <\/a><\/h3>\n<p>El MUNAL<strong> no participar\u00e1<\/strong> a esta noche de museos por inauguraci\u00f3n; no obstante, cabe se\u00f1alar que unos d\u00edas antes, el <strong><span style=\"text-decoration: underline;\">Mi\u00e9rcoles 22 de febrero a las 20:00 horas<\/span><\/strong>, el recinto ser\u00e1 el escenario de un gran concierto gratuito de la artista <strong>Julieta Mar\u00f3n<\/strong> quien presentar\u00e1 su disco: Inventario.<\/p>\n<h3><a title=\"Museo Nacional de la Estampa en la ciudad de M\u00e9xico\" href=\"http:\/\/www.museonacionaldelaestampa.bellasartes.gob.mx\/ \" target=\"_blank\">Museo Nacional de la Estampa (MUNAE) <\/a><\/h3>\n<p>A partir de las 19:00 Hrs. Acceso a las exposiciones temporales:<br \/>\n&#8220;<strong>Grabado y litograf\u00eda a color desde La Ceiba<\/strong>&#8220;, integrada por 10 obras en gr\u00e1fica a color de las cuales 8 obras son en litograf\u00eda, un grabado en metal y un <em>moku hanga<\/em>, grabado en madera japon\u00e9s.<\/p>\n<p>&#8220;<strong>La Parota, XV Aniversario<\/strong>&#8220;, m\u00e1s de 80 obras del acervo del Centro de Formaci\u00f3n y Producci\u00f3n de Artes Gr\u00e1ficas de Colima &#8220;La Parota&#8221; y del Museo de la Gr\u00e1fica de Occidente &#8220;Jos\u00e9 Luis Cuevas&#8221;. Entre los destacados autores de estas obras figuran: Alfredo Zalce, Jos\u00e9 Luis Cuevas, Leonora Carrington, Francisco Toledo, <a title=\"Rese\u00f1a del Museo de Arte Abstracto Manuel Felgu\u00e9rez en Zacatecas\" href=\"http:\/\/www.travelbymexico.com\/zacatecas\/atractivos\/index.php?nom=kzacfelgue\" target=\"_blank\">Manuel Felgu\u00e9rez<\/a>, Gilberto Aceves Navarro,\u00a0\u00a0 Roger Von Gunten y Vlady Kivalchich.<\/p>\n<p><em>Av. Hidalgo No.39, Plaza de la Santa Veracruz, Centro Hist\u00f3rico, Ciudad de M\u00e9xico. D.F.<\/em><\/p>\n<h3><a title=\"Sitio oficial del Museo Pante\u00f3n San Fernando en M\u00e9xico\" href=\"http:\/\/www.cultura.df.gob.mx\/index.php\/recintos\/museos\/mpsnf\" target=\"_blank\">Museo Pante\u00f3n San Fernando<\/a><\/h3>\n<p><span style=\"text-decoration: underline;\"><strong>Programa por confirmar.<\/strong><\/span> <em>Plaza de San Fernando No. 17, entre Guerrero y H\u00e9roes, Col. Guerrero, Del. Cuauht\u00e9moc. Ciudad de M\u00e9xico.<\/em><\/p>\n<h3>Palacio de Iturbide<\/h3>\n<p>De 19:00 a 22:00 hrs. Entrada libre. <em>Madero No.17, segundo piso, Centro Hist\u00f3rico, Del. Cuauht\u00e9moc, D.F.<\/em><\/p>\n<p>Visita guiada por la exposici\u00f3n &#8220;<strong>Grandes maestros del arte popular mexicano<\/strong>&#8220;: Lacas de Olinal\u00e1, orfebrer\u00eda de Santa Clara del Cobre, plater\u00eda de Zacatecas o Taxco, m\u00e1scaras de Tlaxcala y Colima y tambi\u00e9n textiles de diversas regiones de M\u00e9xico.<\/p>\n<h3>Sal\u00f3n de Cabildos (Palacio del Ayuntamiento)<\/h3>\n<p>19:00 hrs. Visita dramatizada en la que se mostrar\u00e1 la historia del recinto y su magnifica edificaci\u00f3n.<\/p>\n<h3><a title=\"Rese\u00f1a del Palacio de la Escuela de Medicina\" href=\"http:\/\/www.facmed.unam.mx\/palacio\/index.html\" target=\"_blank\">Palacio de la Escuela de Medicina <\/a><\/h3>\n<p><span style=\"text-decoration: underline;\"><strong>Participaci\u00f3n por confirmar<\/strong><\/span><\/p>\n<h3>Palacio de la Autonom\u00eda<\/h3>\n<p><span style=\"text-decoration: underline;\"><strong>Participaci\u00f3n por confirmar.<\/strong><\/span><\/p>\n<p><strong><a title=\"La tumba, el oro y la maldici\u00f3n de Tutankamon, todo el a\u00f1o de 2012 en el Palacio de la Autonom\u00eda\" href=\"http:\/\/www.travelbymexico.com\/blog\/6049-la-tumba-el-oro-y-la-maldicion-de-tutankamon-expo-en-mexico\/\" target=\"_blank\">Ver la rese\u00f1a de la exposici\u00f3n &#8220;La tumba, el oro y la maldici\u00f3n de Tutankamon&#8221; en el Palacio de la Autonom\u00eda. <\/a><\/strong><\/p>\n<p>&nbsp;<\/p>\n","protected":false},"excerpt":{"rendered":"<p>\u00bfCu\u00e1ndo y d\u00f3nde se lleva a cabo la &#8220;Noche de Museos&#8221;? El \u00faltimo mi\u00e9rcoles de cada mes, varios museos situados<\/p>\n","protected":false},"author":2,"featured_media":11195,"comment_status":"closed","ping_status":"closed","sticky":false,"template":"","format":"standard","meta":[],"categories":[9],"tags":[2448,1562,318,2453,360,416,509,2451,2452,2450,850,2446,2449,1053,2447],"_links":{"self":[{"href":"https:\/\/www.travelbymexico.com\/blog\/wp-json\/wp\/v2\/posts\/11194"}],"collection":[{"href":"https:\/\/www.travelbymexico.com\/blog\/wp-json\/wp\/v2\/posts"}],"about":[{"href":"https:\/\/www.travelbymexico.com\/blog\/wp-json\/wp\/v2\/types\/post"}],"author":[{"embeddable":true,"href":"https:\/\/www.travelbymexico.com\/blog\/wp-json\/wp\/v2\/users\/2"}],"replies":[{"embeddable":true,"href":"https:\/\/www.travelbymexico.com\/blog\/wp-json\/wp\/v2\/comments?post=11194"}],"version-history":[{"count":4,"href":"https:\/\/www.travelbymexico.com\/blog\/wp-json\/wp\/v2\/posts\/11194\/revisions"}],"predecessor-version":[{"id":11197,"href":"https:\/\/www.travelbymexico.com\/blog\/wp-json\/wp\/v2\/posts\/11194\/revisions\/11197"}],"wp:featuredmedia":[{"embeddable":true,"href":"https:\/\/www.travelbymexico.com\/blog\/wp-json\/wp\/v2\/media\/11195"}],"wp:attachment":[{"href":"https:\/\/www.travelbymexico.com\/blog\/wp-json\/wp\/v2\/media?parent=11194"}],"wp:term":[{"taxonomy":"category","embeddable":true,"href":"https:\/\/www.travelbymexico.com\/blog\/wp-json\/wp\/v2\/categories?post=11194"},{"taxonomy":"post_tag","embeddable":true,"href":"https:\/\/www.travelbymexico.com\/blog\/wp-json\/wp\/v2\/tags?post=11194"}],"curies":[{"name":"wp","href":"https:\/\/api.w.org\/{rel}","templated":true}]}}