{"id":11102,"date":"2012-02-09T22:29:19","date_gmt":"2012-02-10T04:29:19","guid":{"rendered":"http:\/\/www.travelbymexico.com\/blog\/?p=11102"},"modified":"2012-02-09T22:35:33","modified_gmt":"2012-02-10T04:35:33","slug":"mexico-territorio-arqueologico-exposicion-fotografica-en-el-aeropuerto-capitalino","status":"publish","type":"post","link":"https:\/\/www.travelbymexico.com\/blog\/11102-mexico-territorio-arqueologico-exposicion-fotografica-en-el-aeropuerto-capitalino\/","title":{"rendered":"&#8220;M\u00e9xico, territorio arqueol\u00f3gico&#8221;, exposici\u00f3n fotogr\u00e1fica en el aeropuerto capitalino"},"content":{"rendered":"<h2>Desde el pasado mes de enero, los transe\u00fantes de la Terminal 2 del Aeropuerto Internacional de la Ciudad de M\u00e9xico pueden hacer un recorrido por 42 zonas arqueol\u00f3gicas custodiadas por el Instituto Nacional de Antropolog\u00eda e Historia (INAH-Conaculta), a trav\u00e9s de &#8220;M\u00e9xico, territorio arqueol\u00f3gico&#8221;,\u00a0 una exposici\u00f3n fotogr\u00e1fica organizada por la Direcci\u00f3n de Medios de Comunicaci\u00f3n del INAH e integrada por m\u00e1s de un centenar de fotograf\u00edas que muestran nuevas miradas de los sitios prehisp\u00e1nicos del pa\u00eds.<\/h2>\n<p>Montada en el <strong>Centro de Exposiciones<\/strong> del <strong>Aeropuerto Internacional B\u00e9nito Ju\u00e1rez<\/strong> de la Ciudad de M\u00e9xico\u00a0 situado en la Terminal 2, esta muestra da a conocer <strong>por primera vez una parte del acervo reciente del INAH<\/strong>. Consta de <strong>126 im\u00e1genes de 42 lugares precolombinos<\/strong>, elaboradas a lo largo de m\u00e1s de cuatro a\u00f1os por los fot\u00f3grafos <strong>H\u00e9ctor Monta\u00f1o<\/strong>, <strong>Mauricio Marat<\/strong> y <strong>Melit\u00f3n Tapia<\/strong>. Adem\u00e1s se incluyen fotos de sitios prehisp\u00e1nicos que a\u00fan no se abren a la visita p\u00fablica, por ejemplo El C\u00f3poro, en Guanajuato, e Iglesia Vieja, en Chiapas; o de reciente apertura como es el caso de Tancama, en Quer\u00e9taro.<\/p>\n<p><em>&#8220;La idea de esta muestra surge, entre otros motivos, por la falta de exposiciones fotogr\u00e1ficas sobre el tema, ya que las pocas que se han montado s\u00f3lo cuentan con im\u00e1genes antiguas y es importante mostrar una mirada m\u00e1s actual y diversa de la riqueza arqueol\u00f3gica del pa\u00eds&#8221;, <strong>coment\u00f3 H\u00e9ctor Monta\u00f1o Morales<\/strong>, jefe del \u00e1rea de Fotograf\u00eda del INAH.\u00a0<\/em><\/p>\n<h3>Exposici\u00f3n dividida en ocho tem\u00e1ticas<\/h3>\n<p>La divisi\u00f3n geogr\u00e1fica del pa\u00eds y los sitios arqueol\u00f3gicos m\u00e1s importantes que se encuentran en dichas regiones, originaron la distribuci\u00f3n de las fotograf\u00edas. <span style=\"text-decoration: underline;\">Los ocho n\u00facleos tem\u00e1ticos de la exposici\u00f3n son:<\/span><br \/>\nNoroeste, Noreste, Occidente, Centro-Norte, Centro-Sur, Oriente, Suroeste y Sureste.<\/p>\n<h3>126 Fotograf\u00edas<\/h3>\n<p>&#8220;<em>M\u00e9xico, territorio arqueol\u00f3gico<\/em>&#8221; presenta 126 fotograf\u00edas, en su mayor\u00eda a color, de 42 sitios precolombinos (3 im\u00e1genes por zona arqueol\u00f3gica).<\/p>\n<p>113 son impresiones est\u00e1ndar de 32 x 21 pulgadas,<br \/>\n13 restantes son ampliaciones con una dimensi\u00f3n de 60 x 40 pulgadas, destacando entre ellas las de Monte Alb\u00e1n, Oaxaca, <a title=\"Sitio Arqueol\u00f3gico de Uxmal: rese\u00f1a, fotograf\u00edas y mapa de ubicaci\u00f3n\" href=\"http:\/\/www.travelbymexico.com\/merida\/atractivos\/index.php?nom=emeruxmal\" target=\"_blank\">Uxmal<\/a> y <a title=\"Sitio Arqueol\u00f3gico de Chichen Itz\u00e1: rese\u00f1a, fotograf\u00edas y mapa de ubicaci\u00f3n\" href=\"http:\/\/www.travelbymexico.com\/merida\/atractivos\/index.php?nom=emerchichen\" target=\"_blank\">Chich\u00e9n Itz\u00e1<\/a>, en Yucat\u00e1n; el <a title=\"Sitio Arqueol\u00f3gico del Templo Mayor en la Cd. de M\u00e9xico: rese\u00f1a, fotograf\u00edas y mapa de ubicaci\u00f3n\" href=\"http:\/\/www.travelbymexico.com\/ciudaddemexico\/atractivos\/index.php?nom=1302749300\" target=\"_blank\">Templo Mayor<\/a>, Ciudad de M\u00e9xico; Paquim\u00e9, Chihuahua; <a title=\"Conoce el programa del Festival de la Identidad Cumbre Taj\u00edn 2012\" href=\"http:\/\/www.travelbymexico.com\/blog\/10874-programa-de-conciertos-y-actividades-cumbre-tajin-2012\/\" target=\"_blank\">Taj\u00edn<\/a>, Veracruz.<\/p>\n<p><span style=\"text-decoration: underline;\"><strong>S\u00f3lo estas cuatro fotograf\u00edas son en blanco y negro<\/strong><\/span>:<\/p>\n<p><em><strong>El Templo del Sol<\/strong><\/em>, en Palenque, Chiapas;<br \/>\n<em><strong>Patio de la Tumba Oculta<\/strong><\/em>, en la Organera Xochipala, Guerrero;<br \/>\n<em><strong>La Casa de las Siete Mu\u00f1ecas<\/strong><\/em>, en Dzibilchalt\u00fan, Yucat\u00e1n,<br \/>\n<em><strong>El Observatorio<\/strong><\/em>, en Monte Alb\u00e1n, Oaxaca.<\/p>\n<h3>Ver el Video: &#8220;M\u00e9xico, Territorio Arqueol\u00f3gico&#8221;<\/h3>\n<p>A trav\u00e9s de<strong><a title=\"INAHTV presenta la Exposici\u00f3n Fotogr\u00e1fica M\u00e9xico Territorio Arqueol\u00f3gico\" href=\"http:\/\/www.youtube.com\/watch?v=Y1qiUvKnGv8&amp;feature=player_embedded#! \" target=\"_blank\"> este video realizado por INAHTV<\/a><\/strong>, los fot\u00f3grafos de la Direcci\u00f3n de Medios de Comunicaci\u00f3n del INAH, H\u00e9ctor Monta\u00f1o, Mauricio Marat y Melit\u00f3n Tapia,\u00a0 explican el proceso para la realizaci\u00f3n de estas im\u00e1genes y la importancia de la fotograf\u00eda en su vida.<\/p>\n<h3>Horario y Direcci\u00f3n<\/h3>\n<p>Centro de Exposiciones del Aeropuerto Internacional de la Ciudad de M\u00e9xico<br \/>\n<a title=\"La Terminal 2 en el sitio web del Aeropuerto Internacional de la Ciudad de M\u00e9xico\" href=\"http:\/\/www.aicm.com.mx\/acercadelaicm\/ObrasenelAICM\" target=\"_blank\">Terminal 2<\/a>, entre las puertas 5 y 6.<br \/>\nDe lunes a domingo, las 24 horas del d\u00eda. La entrada es gratuita.<\/p>\n<p><strong><a title=\"Ver el mapa interactivo de la Ciudad de M\u00e9xico\" href=\"http:\/\/www.travelbymexico.com\/ciudaddemexico\/mapa\/\" target=\"_blank\">Mapa de la Ciudad de M\u00e9xico\u00a0<\/a><\/strong><\/p>\n<p><strong>Leer el Bolet\u00edn del INAH: &#8220;<a title=\"Leer el bolet\u00edn del INAH Exponen riqueza arqueol\u00f3gica en Aeropuerto del Df\" href=\"http:\/\/www.inahnoticias.mx\/boletin1.php?id_boletin=524\" target=\"_blank\">Exponen Riqueza Arqueol\u00f3gica en Aeropuerto del D.F.<\/a>&#8220;<\/strong><\/p>\n<p><strong><a title=\"Blog de Travelbymexico.com Categor\u00eda Cultura\" href=\"http:\/\/www.travelbymexico.com\/blog\/cultura\/\" target=\"_blank\">Ver m\u00e1s exposiciones y eventos culturales en M\u00e9xico<\/a><\/strong><\/p>\n","protected":false},"excerpt":{"rendered":"<p>Desde el pasado mes de enero, los transe\u00fantes de la Terminal 2 del Aeropuerto Internacional de la Ciudad de M\u00e9xico<\/p>\n","protected":false},"author":2,"featured_media":11103,"comment_status":"closed","ping_status":"closed","sticky":false,"template":"","format":"standard","meta":[],"categories":[4,9],"tags":[2415,2414,298,318,508,2416,656,2417,2418,972,1147,1156,1247],"_links":{"self":[{"href":"https:\/\/www.travelbymexico.com\/blog\/wp-json\/wp\/v2\/posts\/11102"}],"collection":[{"href":"https:\/\/www.travelbymexico.com\/blog\/wp-json\/wp\/v2\/posts"}],"about":[{"href":"https:\/\/www.travelbymexico.com\/blog\/wp-json\/wp\/v2\/types\/post"}],"author":[{"embeddable":true,"href":"https:\/\/www.travelbymexico.com\/blog\/wp-json\/wp\/v2\/users\/2"}],"replies":[{"embeddable":true,"href":"https:\/\/www.travelbymexico.com\/blog\/wp-json\/wp\/v2\/comments?post=11102"}],"version-history":[{"count":3,"href":"https:\/\/www.travelbymexico.com\/blog\/wp-json\/wp\/v2\/posts\/11102\/revisions"}],"predecessor-version":[{"id":11105,"href":"https:\/\/www.travelbymexico.com\/blog\/wp-json\/wp\/v2\/posts\/11102\/revisions\/11105"}],"wp:featuredmedia":[{"embeddable":true,"href":"https:\/\/www.travelbymexico.com\/blog\/wp-json\/wp\/v2\/media\/11103"}],"wp:attachment":[{"href":"https:\/\/www.travelbymexico.com\/blog\/wp-json\/wp\/v2\/media?parent=11102"}],"wp:term":[{"taxonomy":"category","embeddable":true,"href":"https:\/\/www.travelbymexico.com\/blog\/wp-json\/wp\/v2\/categories?post=11102"},{"taxonomy":"post_tag","embeddable":true,"href":"https:\/\/www.travelbymexico.com\/blog\/wp-json\/wp\/v2\/tags?post=11102"}],"curies":[{"name":"wp","href":"https:\/\/api.w.org\/{rel}","templated":true}]}}