{"id":11088,"date":"2012-02-09T00:12:50","date_gmt":"2012-02-09T06:12:50","guid":{"rendered":"http:\/\/www.travelbymexico.com\/blog\/?p=11088"},"modified":"2012-02-09T00:14:15","modified_gmt":"2012-02-09T06:14:15","slug":"actividades-y-conciertos-del-carnaval-internacional-mazatlan-2012","status":"publish","type":"post","link":"https:\/\/www.travelbymexico.com\/blog\/11088-actividades-y-conciertos-del-carnaval-internacional-mazatlan-2012\/","title":{"rendered":"Actividades y Conciertos del Carnaval Internacional Mazatl\u00e1n 2012"},"content":{"rendered":"<h2>Del Jueves 16 al martes 21 de febrero se llevar\u00e1 a cabo uno de los eventos festivos m\u00e1s tradicionales del Estado de Sinaloa: El Carnaval Internacional de Mazatl\u00e1n 2012 cuyo tema este a\u00f1o es &#8220;La Fiesta de los Imperios&#8221;.<\/h2>\n<p>La Muestra Gastron\u00f3mica tendr\u00e1 lugar en la Plazuela Machado; la Quema del Mal Humor, los Desfiles, el Combate Naval, y la Coronaci\u00f3n del Rey de la Alegr\u00eda, en el Paseo Olas Altas del Malec\u00f3n de la ciudad.<\/p>\n<h3>Conciertos de Filippa Giordano, Cristian Castro y Yuridia<\/h3>\n<p>Cada uno de estos tres artistas ofrecer\u00e1 un concierto durante las <strong>Coronaciones de las Reinas<\/strong> (Reina del Carnaval, Reina de los Juegos Florales y Reina Infantil) que se realizar\u00e1n en el <strong>Estadio Teodoro Mariscal<\/strong> los d\u00edas 17, 18 y 20 de Febrero.<\/p>\n<p><strong><span style=\"text-decoration: underline;\">Filippa Giordano<\/span> en los LXXIII Juegos Florales<\/strong><br \/>\nViernes 17 de Febrero de 2012 a las 20:30 horas<br \/>\nEstadio Teodoro Mariscal, Mazatl\u00e1n.<\/p>\n<p><strong><span style=\"text-decoration: underline;\">Cristian Castro<\/span> en la Coronaci\u00f3n de la Reina<\/strong><br \/>\nS\u00e1bado 18 de Febrero de 2012 a las 18:30 horas<br \/>\nEstadio Teodoro Mariscal, Mazatl\u00e1n.<\/p>\n<p><strong><span style=\"text-decoration: underline;\">Yuridia<\/span> en la Coronaci\u00f3n Infantil<\/strong><br \/>\nLunes 20 de Febrero de 2012 a las 18:30 horas.<br \/>\nEstadio Teodoro Mariscal, Mazatl\u00e1n.<\/p>\n<h3>Venta de Boletos:<\/h3>\n<p>&#8220;Cultura&#8221; y &#8220;Teatro Angela Peralta&#8221; de 9:00 a 15:00 hrs. y 17:00 a 19:00 hrs.<br \/>\n&#8220;Gran Plaza&#8221; de 11:00 a 20:00 hrs.<br \/>\n&#8220;Plazuela Machado&#8221; de 10:00 a 13:00 hrs. y 15:00 a 20:00 hrs.<\/p>\n<h3>Reinas del Carnaval Internacional de Mazatl\u00e1n 2012<\/h3>\n<p>Con m\u00fasica en vivo a cargo de la <em>Camerata Mazatl\u00e1n<\/em> bajo la direcci\u00f3n de <em>Percival \u00c1lvarez<\/em> se celebr\u00f3 el pasado 4 de febrero la <strong>Ceremonia de Coronaci\u00f3n de las Reinas<\/strong> del Carnaval Internacional de Mazatl\u00e1n 2012, en el Teatro Angela Peralta.<\/p>\n<p><strong>Karla \u00c1lvarez Centeno<\/strong> conquist\u00f3 la m\u00e1xima corona y Astrid Tirado gan\u00f3 el reinado de los Juegos Florales.<\/p>\n<h3>Elenco Conciertos en Olas Altas<\/h3>\n<p>Del 17 al 21 de febrero, a partir de las 20:00 hrs., el <strong>Malec\u00f3n de Mazatl\u00e1n<\/strong> ser\u00e1 el escenario de muchos conciertos.<\/p>\n<p><strong><span style=\"text-decoration: underline;\">Artistas del Carnaval Internacional de Mazatl\u00e1n 2012:<\/span><\/strong><\/p>\n<p>Mar\u00eda Jos\u00e9, Ninel Conde, Mariana Fonseca, Ceci Lugo.<br \/>\nMiguel G\u00f3mez, Kaoba,<br \/>\nAxe Bah\u00eda (grupo musical brasile\u00f1o de ax\u00e9 y eurodance),<br \/>\nGrupo Ritmo Playa.<\/p>\n<p><span style=\"text-decoration: underline;\"><strong>Bandas:<\/strong><\/span><br \/>\nBanda Cruz de Oro, Banda Los Porte\u00f1os, Los Valedores de la Sierra,<br \/>\nLa Adictiva Banda San Jos\u00e9 de Mesillas (<strong>Coronaci\u00f3n Rey de la Alegr\u00eda<\/strong> el 16\/02\/2012),<\/p>\n<p>Banda Caballo Dorado, Banda Sinaloense Los Gigantes, Banda Camino, Cham\u00edn y su banda, Banda Dorada, Banda Juventud Sinaloense, Banda La Innovadora, Banda Patty, Banda Crucero, Banda Zarape, Banda Adg, Grupo Alcatraz, Banda Hermanos Romero.<\/p>\n<p>Grupo Fore\u00f1os, Grupo Forastero, Grupo Definitivo, Villa Norte\u00f1a, Furia Campirana, Los Navegantes, Grupo La Patria, Rezaka, Grupo Zen Evoluci\u00f3n Musical, Grupo Esk\u00e1ndalo.<\/p>\n<h3>Para mayor informaci\u00f3n sobre los eventos del carnaval consulte este enlace:<\/h3>\n<p><a title=\"Sigue las noticias del Carnaval de Mazatl\u00e1n 2012 en Cultura TV\" href=\"http:\/\/www.culturamazatlan.com\/culturatv\" target=\"_blank\">Sigue todas las noticias del Carnaval de Mazatl\u00e1n 2012<\/a><\/p>\n<h3>Temas 2000-2012 del Carnaval de Mazatl\u00e1n<\/h3>\n<p>2000 Carnaval del Milenio<br \/>\n2001 Y Que Suene la M\u00fasica<br \/>\n2002 Pasi\u00f3n Por los Carnavales<br \/>\n2003 Luces, C\u00e1mara, Tradici\u00f3n<br \/>\n2004 Gloria y Esplendor<br \/>\n2005 Al Calor de Su Gente<br \/>\n2006 Esp\u00edritus de Mar y Viento<br \/>\n2007 Hechizos de Puerto Viejo<br \/>\n2008 Historias Lejanas<br \/>\n2009 Fantas\u00eda Universal<br \/>\n2010 \u00a1Con fervor patrio!<br \/>\n2011 El Retorno de las Musas<br \/>\n2012 La Fiesta de los Imperios<\/p>\n<h3>Enlaces de inter\u00e9s:<\/h3>\n<p><strong><a title=\"Reserva un Hotel en la Ciudad de Mazatl\u00e1n\" href=\"http:\/\/www.travelbymexico.com\/mazatlan\/hoteles\" target=\"_blank\">Reserva un Hotel en la Ciudad de Mazatl\u00e1n<\/a> <\/strong><\/p>\n<p><strong><a title=\"La Fiesta de los Imperios Video Promocional Carnaval Mazatl\u00e1n 2012\" href=\"http:\/\/www.youtube.com\/watch?v=dysGy_jLU4o&amp;list=UUhK8DTXWqqNlZBv1pg_3cEA&amp;index=14&amp;feature=plcp\" target=\"_blank\">Ver el Video Promocional &#8220;La Fiesta de los Imperios&#8221; Tema del Carnaval Internacional Mazatl\u00e1n 2012 <\/a><\/strong><\/p>\n","protected":false},"excerpt":{"rendered":"<p>Del Jueves 16 al martes 21 de febrero se llevar\u00e1 a cabo uno de los eventos festivos m\u00e1s tradicionales del<\/p>\n","protected":false},"author":2,"featured_media":11089,"comment_status":"closed","ping_status":"closed","sticky":false,"template":"","format":"standard","meta":[],"categories":[36,14],"tags":[215,373,374,2411,407,2410,789,802,2412,1052,1289],"_links":{"self":[{"href":"https:\/\/www.travelbymexico.com\/blog\/wp-json\/wp\/v2\/posts\/11088"}],"collection":[{"href":"https:\/\/www.travelbymexico.com\/blog\/wp-json\/wp\/v2\/posts"}],"about":[{"href":"https:\/\/www.travelbymexico.com\/blog\/wp-json\/wp\/v2\/types\/post"}],"author":[{"embeddable":true,"href":"https:\/\/www.travelbymexico.com\/blog\/wp-json\/wp\/v2\/users\/2"}],"replies":[{"embeddable":true,"href":"https:\/\/www.travelbymexico.com\/blog\/wp-json\/wp\/v2\/comments?post=11088"}],"version-history":[{"count":3,"href":"https:\/\/www.travelbymexico.com\/blog\/wp-json\/wp\/v2\/posts\/11088\/revisions"}],"predecessor-version":[{"id":11092,"href":"https:\/\/www.travelbymexico.com\/blog\/wp-json\/wp\/v2\/posts\/11088\/revisions\/11092"}],"wp:featuredmedia":[{"embeddable":true,"href":"https:\/\/www.travelbymexico.com\/blog\/wp-json\/wp\/v2\/media\/11089"}],"wp:attachment":[{"href":"https:\/\/www.travelbymexico.com\/blog\/wp-json\/wp\/v2\/media?parent=11088"}],"wp:term":[{"taxonomy":"category","embeddable":true,"href":"https:\/\/www.travelbymexico.com\/blog\/wp-json\/wp\/v2\/categories?post=11088"},{"taxonomy":"post_tag","embeddable":true,"href":"https:\/\/www.travelbymexico.com\/blog\/wp-json\/wp\/v2\/tags?post=11088"}],"curies":[{"name":"wp","href":"https:\/\/api.w.org\/{rel}","templated":true}]}}