{"id":11070,"date":"2012-02-04T09:40:52","date_gmt":"2012-02-04T15:40:52","guid":{"rendered":"http:\/\/www.travelbymexico.com\/blog\/?p=11070"},"modified":"2012-02-04T02:57:28","modified_gmt":"2012-02-04T08:57:28","slug":"orquesta-filarmonica-de-la-ciudad-de-mexico-conciertos-enero-abril-2012","status":"publish","type":"post","link":"https:\/\/www.travelbymexico.com\/blog\/11070-orquesta-filarmonica-de-la-ciudad-de-mexico-conciertos-enero-abril-2012\/","title":{"rendered":"Orquesta Filarm\u00f3nica de la Ciudad de M\u00e9xico, Conciertos Enero-Abril 2012"},"content":{"rendered":"<h2>Dirigida desde julio de 2011 por el Maestro Jos\u00e9 Ar\u00e9an, la Orquesta Filarm\u00f3nica de la Ciudad de M\u00e9xico (OFCM) est\u00e1 considerada como la m\u00e1s importante orquesta mexicana y una de las m\u00e1s relevantes de Am\u00e9rica Latina. El pasado 14 de enero, inici\u00f3 su 1a. Temporada de Conciertos 2012 con la presentaci\u00f3n del Gala de Jovenes Cantantes Mexicanos. A continuaci\u00f3n, les comunicamos las fechas de los pr\u00f3ximos conciertos que\u00a0 se llevar\u00e1n a cabo los d\u00edas s\u00e1bado y domingo hasta el 1er de abril en la Sala Silvestre Revueltas del Centro Cultural Ollin Yoliztli, en la ciudad de M\u00e9xico.<\/h2>\n<p>Dentro de los eventos m\u00e1s relevantes de esta temporada de Conciertos Enero-Abril 2012 de la OFCM, est\u00e1 la celebraci\u00f3n del <strong>D\u00eda Internacional de la Mujer<\/strong> y la conmemoraci\u00f3n del <strong>D\u00eda de San Patricio<\/strong> as\u00ed como la participaci\u00f3n de los siguientes directores hu\u00e9spedes: <strong>Ilyich Rivas<\/strong> (21 y 22 enero) seleccionado en 2009 como uno de los siete directores musicales m\u00e1s j\u00f3venes del mundo, <strong>Avi Ostrowsky<\/strong> (28 y 29 enero), <strong>Juan Carlos Lom\u00f3naco<\/strong> (18 y 19 febrero), <strong>Carmen T\u00e9llez<\/strong> \/ D\u00eda de la Mujer (10 y 11 de marzo), <strong>Robert Houlihan<\/strong> \/ D\u00eda de San Patricio (24 y 25 de Marzo).<\/p>\n<p><strong>Lugar<\/strong>: <strong>Sala Silvestre Revueltas del Centro Cultural Ollin Yoliztli<\/strong><br \/>\nPerif\u00e9rico Sur No.5141 Col. Isidro Fabela,\u00a0Del. Tlalpan,\u00a0M\u00e9xico,\u00a0DF \u00a014030<\/p>\n<p><strong>Boletos<\/strong> en taquilla y a trav\u00e9s del sistema ticketmaster.<br \/>\n$112.00 pesos. 50% descuento a estudiantes, maestros e Inapam.<\/p>\n<h3>Conciertos 1era Temporada 2012 de la Orquesta Filarm\u00f3nica de la Ciudad de M\u00e9xico<br \/>\ndel 4 de febrero al 1 de abril.<\/h3>\n<p><strong>S\u00e1bado 4 de Febrero a las 18:00 horas. Domingo 5 de Febrero\u00a0 a las 12:30 horas<\/strong><\/p>\n<p><strong>Jos\u00e9 Are\u00e1n<\/strong>, Director Hu\u00e9sped Principal<br \/>\n<em>D\u00fao BdB, pianos <\/em><br \/>\n<em>&#8220;Poema de Neruda&#8221; Blas Galindo <\/em><br \/>\n<em>&#8220;Concierto para dos pianos&#8221; Francis Poulenc <\/em><br \/>\n<em>&#8220;Suite No. 1 de Romeo y Julieta&#8221; Sergei Prokofiev\u00a0\u00a0\u00a0<\/em><\/p>\n<p><strong>S\u00e1bado 11 de Febrero a las 18:00 horas. Domingo 12 de Febrero a las 12:30<\/strong><\/p>\n<p><strong>Jos\u00e9 Are\u00e1n<\/strong>, Director Hu\u00e9sped Principal<br \/>\n<em>Philippe Quint, viol\u00edn <\/em><br \/>\n<em>&#8220;Concierto para viol\u00edn&#8221; Jean Sibelius <\/em><br \/>\n<em>&#8220;Pell\u00e9as et M\u00e9lisande&#8221; Arnold Sch\u00f6nberg <\/em><\/p>\n<p><strong><em><\/em>S\u00e1bado 18 de Febrero a las 18:00. Domingo 19 de Febrero a las 12:30<\/strong><\/p>\n<p><strong>Juan Carlos Lom\u00f3naco<\/strong>, director hu\u00e9sped.<\/p>\n<p><em>Wendy Holdaway, fagot. <\/em><br \/>\n<em>&#8220;Obertura Helios&#8221; Carl Nielsen <\/em><br \/>\n<em>&#8220;Concierto para fagot y orquesta&#8221; Jorge Ritter <\/em><br \/>\n<em>&#8220;Sinfon\u00eda No. 2&#8243;Robert Schumann\u00a0\u00a0\u00a0\u00a0\u00a0<\/em><\/p>\n<p><strong>S\u00e1bado 25 de Febrero a las 18:00. Domingo 26 de Febrero a las 12:30<\/strong><\/p>\n<p><strong>Jos\u00e9 Are\u00e1n<\/strong>, Director Hu\u00e9sped Principal.<br \/>\n<em>Ver\u00f3nica Mur\u00faa, soprano. Jes\u00fas Suaste, bar\u00edtono. <\/em><br \/>\n<em>&#8220;P\u00e9lleas et M\u00e9lisande&#8221; Gabriel Faur\u00e9. <\/em><br \/>\n<em>&#8220;Sinfon\u00eda L\u00edrica&#8221; Alexander von Zemlinsky.\u00a0<\/em><\/p>\n<p><strong>S\u00e1bado 3 de Marzo a las 18:00. Domingo 4 de Marzo a las 12:30<\/strong><\/p>\n<p><strong>Jos\u00e9 Are\u00e1n<\/strong>, Director Hu\u00e9sped Principal<\/p>\n<p><em>Ar\u00f3n Bitr\u00e1n, viol\u00edn. \u00c1lvaro Bitr\u00e1n, violonchelo. <\/em><br \/>\n<em>&#8220;Passacaglia&#8221; Anton Webern <\/em><br \/>\n<em>&#8220;Doble concierto para viol\u00edn y violonchelo&#8221; Johannes Brahms \u00a0<\/em><br \/>\n<em>&#8220;Sinfon\u00eda No. 6, Pastoral&#8221; Ludwig van Beethoven.<\/em><\/p>\n<p><strong>S\u00e1bado 10 de Marzo a las 18:00. Domingo 11 de Marzo a las 12:30<\/strong><\/p>\n<p>&#8220;<strong>D\u00eda Internacional de la Mujer<\/strong>&#8220;. <strong>Carmen T\u00e9llez<\/strong>, directora Hu\u00e9sped.<\/p>\n<p><em>Carlos Apell\u00e1niz, piano <\/em><br \/>\n<em>&#8220;El llamado del Shofar&#8221; Georgina Derbez. \u00a0<\/em><br \/>\n<em>&#8220;Atanor&#8221; Ana Lara. <\/em><br \/>\n<em>&#8220;Concierto para piano&#8221; Marcela Rodr\u00edguez <\/em><br \/>\n<em>&#8220;Recordare&#8221; Hilda Paredes <\/em><br \/>\n<em>&#8220;Concierto Candela&#8221; Gabriela Ortiz\u00a0\u00a0\u00a0\u00a0\u00a0<\/em><\/p>\n<p><strong>S\u00e1bado 17 de Marzo a las 18:00. Domingo 18 de Marzo a las 12:30<\/strong><\/p>\n<p><strong>Jos\u00e9 Are\u00e1n<\/strong>, Director Hu\u00e9sped Principal<\/p>\n<p><em>&#8220;Poema eleg\u00edaco&#8221; Manuel M. Ponce <\/em><br \/>\n<em>&#8220;Mam\u00e1 la Oca&#8221; Maurice Ravel <\/em><br \/>\n<em>&#8220;Espa\u00f1a&#8221; Emmanuel Chabrier <\/em><br \/>\n<em>&#8220;Tres Nocturnos&#8221; Claude Debussy<\/em><\/p>\n<p><strong>S\u00e1bado 24 de Marzo a las 18:00. Domingo 25 de Marzo\u00a0 a las 12:30<\/strong><\/p>\n<p>&#8220;<strong>Conmemoraci\u00f3n del D\u00eda de San Patricio<\/strong>&#8220;. <strong>Robert Houlihan<\/strong>, Director hu\u00e9sped<\/p>\n<p><em>Gregory Harrington, piano. <\/em><br \/>\n<em>Celine Byrne, soprano. <\/em><br \/>\n<em>&#8220;Mise Eire&#8221; Se\u00e1n O Riada <\/em><br \/>\n<em>&#8220;The Herding of the Calves&#8221; Se\u00e1n O Riada <\/em><br \/>\n<em>&#8220;Concierto para viol\u00edn&#8221; Donnacha Dennehy <\/em><br \/>\n<em>&#8220;Bellet An Coitin Dearg&#8221; Aloys Fleischmann\u00a0 \u00a0<\/em><br \/>\n<em>&#8220;Fantasie Gaelach&#8221; Archibald Potter <\/em><br \/>\n<em>&#8220;Suite de Aires irlandeses&#8221; Frederick May<\/em><\/p>\n<p><strong>S\u00e1bado 31 de Marzo\u00a0 a las 18:00. Domingo 1 de Abril a las 12:30<\/strong><\/p>\n<p><strong>Jos\u00e9 Are\u00e1n<\/strong>, Director Hu\u00e9sped Principal<\/p>\n<p><strong>Coro Filarm\u00f3nico Universitario<\/strong><\/p>\n<p><em>&#8220;La Ascensi\u00f3n&#8221; Oliver Messiaen <\/em><br \/>\n<em>&#8220;R\u00e9quiem&#8221; Gabriel Faur\u00e9 \u00a0\u00a0<\/em><\/p>\n","protected":false},"excerpt":{"rendered":"<p>Dirigida desde julio de 2011 por el Maestro Jos\u00e9 Ar\u00e9an, la Orquesta Filarm\u00f3nica de la Ciudad de M\u00e9xico (OFCM) est\u00e1<\/p>\n","protected":false},"author":2,"featured_media":11071,"comment_status":"closed","ping_status":"open","sticky":false,"template":"","format":"standard","meta":[],"categories":[36],"tags":[318,2402,2401,2400,2399,1949,2397,1397,1052,2398],"_links":{"self":[{"href":"https:\/\/www.travelbymexico.com\/blog\/wp-json\/wp\/v2\/posts\/11070"}],"collection":[{"href":"https:\/\/www.travelbymexico.com\/blog\/wp-json\/wp\/v2\/posts"}],"about":[{"href":"https:\/\/www.travelbymexico.com\/blog\/wp-json\/wp\/v2\/types\/post"}],"author":[{"embeddable":true,"href":"https:\/\/www.travelbymexico.com\/blog\/wp-json\/wp\/v2\/users\/2"}],"replies":[{"embeddable":true,"href":"https:\/\/www.travelbymexico.com\/blog\/wp-json\/wp\/v2\/comments?post=11070"}],"version-history":[{"count":3,"href":"https:\/\/www.travelbymexico.com\/blog\/wp-json\/wp\/v2\/posts\/11070\/revisions"}],"predecessor-version":[{"id":11073,"href":"https:\/\/www.travelbymexico.com\/blog\/wp-json\/wp\/v2\/posts\/11070\/revisions\/11073"}],"wp:featuredmedia":[{"embeddable":true,"href":"https:\/\/www.travelbymexico.com\/blog\/wp-json\/wp\/v2\/media\/11071"}],"wp:attachment":[{"href":"https:\/\/www.travelbymexico.com\/blog\/wp-json\/wp\/v2\/media?parent=11070"}],"wp:term":[{"taxonomy":"category","embeddable":true,"href":"https:\/\/www.travelbymexico.com\/blog\/wp-json\/wp\/v2\/categories?post=11070"},{"taxonomy":"post_tag","embeddable":true,"href":"https:\/\/www.travelbymexico.com\/blog\/wp-json\/wp\/v2\/tags?post=11070"}],"curies":[{"name":"wp","href":"https:\/\/api.w.org\/{rel}","templated":true}]}}