{"id":11058,"date":"2012-02-03T22:47:29","date_gmt":"2012-02-04T04:47:29","guid":{"rendered":"http:\/\/www.travelbymexico.com\/blog\/?p=11058"},"modified":"2012-02-03T22:55:26","modified_gmt":"2012-02-04T04:55:26","slug":"photofest-2012-festival-internacional-de-fotoperiodismo-en-queretaro","status":"publish","type":"post","link":"https:\/\/www.travelbymexico.com\/blog\/11058-photofest-2012-festival-internacional-de-fotoperiodismo-en-queretaro\/","title":{"rendered":"PhotoFest 2012,  Festival Internacional de Fotoperiodismo en Quer\u00e9taro"},"content":{"rendered":"<h2>Del 13 al 19 de febrero de 2012, las plazas p\u00fablicas, recintos culturales, galer\u00edas y hasta fachadas de edificios del Centro Hist\u00f3rico de la Ciudad de Quer\u00e9taro se convertir\u00e1n en espacios de exhibici\u00f3n fotogr\u00e1fica en el marco de la primera edici\u00f3n del &#8220;PhotoFest 2012&#8221;, Festival Internacional de Fotoperiodismo y Fotograf\u00eda Documental en M\u00e9xico. Invitados especiales: &#8220;National Geographic&#8221; y &#8220;VII Photo Agency&#8221;.<\/h2>\n<h3>Festival Internacional de Fotoperiodismo y Fotograf\u00eda Documental en M\u00e9xico<\/h3>\n<p>El &#8220;PhotoFest 2012&#8221; se presenta como una plataforma \u00fanica en Latinoam\u00e9rica para fot\u00f3grafos amateurs, quienes tendr\u00e1n la posibilidad de presentar su trabajo en compa\u00f1\u00eda de los m\u00e1s grandes fot\u00f3grafos del mundo de la fotograf\u00eda documental y fotoperiodismo. Por su parte, el p\u00fablico en general podr\u00e1 apreciar los diversos trabajos fotogr\u00e1ficos, a trav\u00e9s de exposiciones que se llevar\u00e1n a cabo en recintos, plazas y galer\u00edas de arte del Centro Hist\u00f3rico de la <strong><a title=\"Reserva un Hotel en la ciudad de Quer\u00e9taro, M\u00e9xico\" href=\"http:\/\/www.travelbymexico.com\/queretaro\/hoteles\" target=\"_blank\">Ciudad de Quer\u00e9taro<\/a><\/strong> y durante toda la duraci\u00f3n del festival .<\/p>\n<h3>Invitados especiales del Photofest 2012<\/h3>\n<p>Considerada una de las tres mejores agencias de fotograf\u00eda documental en el mundo, &#8220;<em><strong>VII Photo Agency<\/strong><\/em>&#8221; expondr\u00e1 por primera vez su trabajo en Latinoam\u00e9rica y el 17 de febrero, <span style=\"text-decoration: underline;\">Stephen Mayes, su CEO y Ron Aviv, uno se sus fot\u00f3grafos,\u00a0 impartir\u00e1n conferencia<\/span>s.<\/p>\n<p>\u00cdcono universal de la fotograf\u00eda, &#8220;<strong><em>National Geographic<\/em><\/strong>&#8221; exhibir\u00e1 las cincuenta mejores im\u00e1genes de su archivo hist\u00f3rico.<\/p>\n<h3>Photofest 2012 en Quer\u00e9taro &#8211; del 13 al 19 de febrero.<br \/>\nProyecciones nocturnas, exposiciones, talleres, conferencias y concurso.<\/h3>\n<h3><span style=\"text-decoration: underline;\">Exposiciones<\/span><\/h3>\n<p><strong>&#8220;VII Photo Agency\u2013 Configuration&#8221;<\/strong>: Exposici\u00f3n multimedia en un espectacular domo neum\u00e1tico de 20 m. de di\u00e1metro. Esfera &#8211; <span style=\"text-decoration: underline;\">Plaza de Armas de las 10:00 a las 22:00 hrs<\/span>.<\/p>\n<p><strong>&#8220;National Geographic\u00b4s 50 Greatest Photographs<\/strong>&#8220;: Las 50 Mejores Fotograf\u00edas que se han publicado a lo largo de la historia de la revista National Geographic. <span style=\"text-decoration: underline;\">Andador 5 de Mayo, del 12 al 19 de Febrero de 2012.<\/span><\/p>\n<p><strong>&#8220;Los Grandes A\u00f1os&#8221; &#8211; Homenaje a Manuel \u00c1lvarez Bravo<\/strong><br \/>\nFue una de las m\u00e1ximas figuras del siglo XX dentro de la fotograf\u00eda universal, y pionero de la fotograf\u00eda en M\u00e9xico. A lo largo de su larga vida (1902-2002), particip\u00f3 en m\u00e1s de 150 exposiciones individuales y m\u00e1s de 200 exposiciones colectivas. Sus fotograf\u00edas forman parte de algunas de las m\u00e1s importantes colecciones p\u00fablicas y privadas alrededor del mundo. <a title=\"Sitio web de la Asociaci\u00f3n Manuel \u00c1lvarez Bravo\" href=\"www.manuelalvarezbravo.org \" target=\"_blank\">Sitio web de la Asociaci\u00f3n Manuel \u00c1lvarez Bravo<\/a><br \/>\n<span style=\"text-decoration: underline;\">Museo de Arte de Quer\u00e9taro, del 13 al 19 de Febrero de 2012<\/span>.<\/p>\n<p><strong>&#8220;35 a\u00f1os de Fotoperiodismo en Proceso&#8221;<\/strong> &#8211; Autor: <strong>Revista Proceso<\/strong><br \/>\nGaler\u00eda Libertad, Andador Libertad No. 56, Centro Hist\u00f3rico, Quer\u00e9taro, Qro.<br \/>\n<span style=\"text-decoration: underline;\">Del 13 al 19 de Febrero de 2012. de las 10:00 a las 22:00 hrs.<\/span><\/p>\n<p><strong>&#8220;35 A\u00f1os, 35 Fot\u00f3grafos&#8221;<\/strong> &#8211; Autor: <a title=\"Sitio web de la Escuela Activa de Fotograf\u00eda\" href=\"www.escuelAActivadefotografia.com\" target=\"_blank\"><strong>Escuela Activa de Fotograf\u00eda<\/strong> <\/a><br \/>\nExhibici\u00f3n fotogr\u00e1fica de 35 ex-alumnos m\u00e1s destacados de la &#8220;mejor escuela fotogr\u00e1fica de M\u00e9xico&#8221;, y hoy importantes profesionales de la fotograf\u00eda en M\u00e9xico.<br \/>\n<span style=\"text-decoration: underline;\">Galer\u00eda DRT, 5 de Mayo No.80, esq. Altamirano, Centro Hist\u00f3rico. Quer\u00e9taro, Qro. Del 13 al 19 de Febrero de 2012, de las 10:00 a las\u00a0 22:00 hrs<\/span>.<\/p>\n<p><strong>Galer\u00eda Patricia Conde<\/strong> presenta <strong>&#8220;Fotograf\u00eda Documental: De la ortodoxia a su reinvenci\u00f3n&#8221;<\/strong><br \/>\nAutores: Mary Ellen Mark, Francisco Mata Rosas , Yolanda Andrade\u00a0 y Jos\u00e9 Antonio Mart\u00ednez<br \/>\nEspecializada desde 2009 en la fotograf\u00eda contempor\u00e1nea, Patricia Conde Galer\u00eda es actualmente la \u00fanica galer\u00eda mexicana enfocada en promover pr\u00e1cticas fotogr\u00e1ficas diversas realizadas por artistas mexicanos y extranjeros. Direcci\u00f3n en M\u00e9xico: Lafontaine 73, Polanco, M\u00e9xico, D. F. <span style=\"text-decoration: underline;\">Lugar: Esfera &#8211; Galer\u00eda GP Arte en Fotograf\u00eda. Pasteur Sur 30 (casi esq. con independencia), Col. Centro Hist\u00f3rico, Quer\u00e9taro, Qro.<\/span><\/p>\n<h3><span style=\"text-decoration: underline;\">Proyecciones nocturnas<\/span><\/h3>\n<p><strong>Todas las noches del 13 al 19 de febrero<\/strong>. Sobre varios edificios del Andador 5 de Mayo, &#8220;PhotoFest 2012&#8221; proyectar\u00e1 el contenido de las exposiciones estelares del festival exhibidas en galer\u00edas y museos as\u00ed como los trabajos de los participantes al concurso.<\/p>\n<h3>Programa completo del PhotoFest Quer\u00e9taro 2012, <a title=\"Programa de eventos y actividades del PhotoFest 2012 en Quer\u00e9taro\" href=\"http:\/\/www.photofest.com.mx\/contenido.aspx?q=q05znG4LZgncXu1W+GCMh1gSEB3TLzb+\" target=\"_blank\">aqu\u00ed<\/a>.<\/h3>\n<h3><span style=\"text-decoration: underline;\">Concurso\u00a0<\/span><\/h3>\n<p>Hoy, 3 de febrero de 2012, informamos que se ha cerrado la convocatoria, pero puedes consultar las categor\u00edas y premios en <strong><a title=\"Detalles del Concurso PhotoFest 2012 en Quer\u00e9taro\" href=\"http:\/\/www.photofest.com.mx\/contenido.aspx?q=0P7NpIeTMwwjxdWHe5uqVe0f8MM2wFzU\" target=\"_blank\">este enlace<\/a><\/strong>.<\/p>\n<h3><span style=\"text-decoration: underline;\">Talleres del PhotoFest &#8211; S\u00e1bado 18 de Febrero de 2012\u00a0<\/span><\/h3>\n<p><strong>Inscripci\u00f3n a los talleres, <a title=\"Formulario de inscripci\u00f3n a los talleres del Photofest 2012, cupo limitado\" href=\"http:\/\/www.photofest.com.mx\/micuenta.aspx  \" target=\"_blank\">aqu\u00ed<\/a>.\u00a0<\/strong><\/p>\n<p><strong>&#8220;Acercamiento al Fotoperiodismo \u2013 De lo estandarizado a lo alternativo&#8221;<\/strong>.<br \/>\nExpositor: Ashley Gilbertson. 9:00 a 13:00 horas.<\/p>\n<p><strong>&#8220;Lenguaje de la Imagen&#8221;.<\/strong> Expositor: V\u00edctor Hugo Ram\u00edrez Ayala. 9:00 a 13:00 horas.<\/p>\n<p><strong>&#8220;Taller de Cianotipos 1&#8221;<\/strong>. Expositor: Jos\u00e9 Luis Haro. 9:00 a 13:00 horas.<\/p>\n<p><strong>&#8220;Taller de Cianotipos 2&#8221;.<\/strong> Expositor: Jos\u00e9 Luis Haro. 13:00 a 17:00 horas.<\/p>\n<p><span style=\"text-decoration: underline;\"><strong>Lugar<\/strong><\/span>: Eescuela Activa de Fotograf\u00eda. Juan Caballero y Osio 41 Col. Jardines de Quer\u00e9taro. Tel.: 01(442) 213.49.55.<\/p>\n<h3><span style=\"text-decoration: underline;\">Conferencias (en ingl\u00e9s) &#8211; Viernes 17 de febrero de 2012\u00a0<\/span><\/h3>\n<p><strong>Ron Aviv<\/strong>, uno de los fot\u00f3grafos mas reconocidos a nivel mundial, actualmente fot\u00f3grafo de VII Photo<br \/>\nde 18:00 &#8211; 18:45 hrs.<\/p>\n<p><strong>Ashel Gillbertson<\/strong>, Fotoperiodismo cl\u00e1sico y alternativo. 19:00 &#8211; 19:45 hrs.<\/p>\n<p><strong>Stephen Mayes<\/strong>, CEO de VII Photo Agency.\u00a0 20:00 &#8211; 20:45 hrs.<\/p>\n<p><span style=\"text-decoration: underline;\"><strong>Lugar<\/strong><\/span>: Teatro de la Rep\u00fablica. Ju\u00e1rez esq. Angela Peralta, Centro Hist\u00f3rico. Quer\u00e9taro, Qro.<\/p>\n<h3><span style=\"text-decoration: underline;\">Sedes del Festival PhotoFest 2012<\/span><\/h3>\n<p><strong>Plaza de Armas de Quer\u00e9taro<\/strong>: Plaza principal del Centro Hist\u00f3rico de la Ciudad de Quer\u00e9taro. Al sur de la calle 5 de Mayo y Lu\u00eds Pasteur.<br \/>\n<strong>\u2028Andador 5 de Mayo<\/strong>: Corredor tur\u00edstico que baja de la Calle 5 de Mayo y Plaza de Armas hacia la calle Corregidora.<br \/>\nJard\u00edn Zenea: Entre Corregidora y Francisco I. Madero.<br \/>\n<strong>Palacio de Gobierno<\/strong>. 5 de Mayo esq. con Lu\u00eds Pasteur.Centro Hist\u00f3rico.\u00a0Quer\u00e9taro, Qro.<br \/>\n<strong>\u2028Teatro de la Rep\u00fablica<\/strong>: Ju\u00e1rez esq. Angela Peralta, Centro Hist\u00f3rico. Quer\u00e9taro, Qro.<br \/>\n<strong>Museo de Arte de Quer\u00e9taro<\/strong>: Allende No. 14 Sur, Centro Hist\u00f3rico. Quer\u00e9taro, Qro. M\u00e9xico. Tel. 01(442) 212.23.57 y 212.35.23<br \/>\n<strong>Escuela Activa de Fotograf\u00eda<\/strong>.\u00a0Juan Caballero y Osio 41 Col. Jardines de Quer\u00e9taro. Tel. 01(442) 213.49.55<br \/>\n<strong>Galer\u00eda Libertad<\/strong>. Andador Libertad No. 56, Centro Hist\u00f3rico, Quer\u00e9taro, Qro. Tel: 442 12 0255.<br \/>\n<strong>Galer\u00eda DRT<\/strong>: 5 de Mayo No.80, esq. Altamirano, Centro Hist\u00f3rico. Quer\u00e9taro, Qro.<br \/>\n<strong>Galer\u00eda GP<\/strong>: Pasteur Sur 30 (casi esq. con independencia), Col. Centro Hist\u00f3rico, Quer\u00e9taro, Qro.<\/p>\n<h3>Enlaces de inter\u00e9s:<\/h3>\n<p><strong><a title=\"Sitio oficial del Photofest Quer\u00e9taro 2012\" href=\"http:\/\/www.photofest.com.mx\" target=\"_blank\">Sitio Oficial del PhotoFest Quer\u00e9taro 2012<\/a> <\/strong><\/p>\n<p><strong><a title=\"Reserva un Hotel en la ciudad de Quer\u00e9taro, M\u00e9xico\" href=\"http:\/\/www.travelbymexico.com\/queretaro\/hoteles\" target=\"_blank\">Reserva un Hotel en la Ciudad de Quer\u00e9taro<\/a> <\/strong><\/p>\n<p><strong><a title=\"Mapa Interactivo de la ciudad de Quer\u00e9taro\" href=\"http:\/\/www.travelbymexico.com\/queretaro\/mapa\" target=\"_blank\">Consulta el Mapa Interactivo de la Ciudad de Quer\u00e9taro<\/a> <\/strong><\/p>\n<p><a title=\"Video Promocional de Quer\u00e9taro proporcionado por la Secretar\u00eda de Turismo de Quer\u00e9taro\" href=\"http:\/\/www.travelbymexico.com\/queretaro\/video\/index.php?nom=WSbquequeretaro&amp;don=0\" target=\"_blank\"><strong>Video Promocional del Estado de Quer\u00e9taro<\/strong><br \/>\n<\/a><\/p>\n","protected":false},"excerpt":{"rendered":"<p>Del 13 al 19 de febrero de 2012, las plazas p\u00fablicas, recintos culturales, galer\u00edas y hasta fachadas de edificios del<\/p>\n","protected":false},"author":2,"featured_media":11059,"comment_status":"closed","ping_status":"open","sticky":false,"template":"","format":"standard","meta":[],"categories":[37],"tags":[325,508,537,2392,2391,2393,2390,2389],"_links":{"self":[{"href":"https:\/\/www.travelbymexico.com\/blog\/wp-json\/wp\/v2\/posts\/11058"}],"collection":[{"href":"https:\/\/www.travelbymexico.com\/blog\/wp-json\/wp\/v2\/posts"}],"about":[{"href":"https:\/\/www.travelbymexico.com\/blog\/wp-json\/wp\/v2\/types\/post"}],"author":[{"embeddable":true,"href":"https:\/\/www.travelbymexico.com\/blog\/wp-json\/wp\/v2\/users\/2"}],"replies":[{"embeddable":true,"href":"https:\/\/www.travelbymexico.com\/blog\/wp-json\/wp\/v2\/comments?post=11058"}],"version-history":[{"count":4,"href":"https:\/\/www.travelbymexico.com\/blog\/wp-json\/wp\/v2\/posts\/11058\/revisions"}],"predecessor-version":[{"id":11062,"href":"https:\/\/www.travelbymexico.com\/blog\/wp-json\/wp\/v2\/posts\/11058\/revisions\/11062"}],"wp:featuredmedia":[{"embeddable":true,"href":"https:\/\/www.travelbymexico.com\/blog\/wp-json\/wp\/v2\/media\/11059"}],"wp:attachment":[{"href":"https:\/\/www.travelbymexico.com\/blog\/wp-json\/wp\/v2\/media?parent=11058"}],"wp:term":[{"taxonomy":"category","embeddable":true,"href":"https:\/\/www.travelbymexico.com\/blog\/wp-json\/wp\/v2\/categories?post=11058"},{"taxonomy":"post_tag","embeddable":true,"href":"https:\/\/www.travelbymexico.com\/blog\/wp-json\/wp\/v2\/tags?post=11058"}],"curies":[{"name":"wp","href":"https:\/\/api.w.org\/{rel}","templated":true}]}}