{"id":10936,"date":"2012-01-25T10:13:28","date_gmt":"2012-01-25T16:13:28","guid":{"rendered":"http:\/\/www.travelbymexico.com\/blog\/?p=10936"},"modified":"2012-01-24T23:32:50","modified_gmt":"2012-01-25T05:32:50","slug":"programa-de-eventos-y-conciertos-del-carnaval-de-veracruz-2012","status":"publish","type":"post","link":"https:\/\/www.travelbymexico.com\/blog\/10936-programa-de-eventos-y-conciertos-del-carnaval-de-veracruz-2012\/","title":{"rendered":"Programa de Eventos y Conciertos del Carnaval de Veracruz 2012"},"content":{"rendered":"<h2>Falta menos de un mes para el inicio del tradicional Carnaval de Veracruz. Esta celebraci\u00f3n es un evento masivo al que acuden tanto turistas nacionales como extranjeros, por lo que te recomendamos reservar lo antes posible tu<a title=\"Reserva un hotel en la ciudad de Veracruz-Boca del R\u00edo\" href=\"http:\/\/www.travelbymexico.com\/veracruz\/hoteles\/\" target=\"_blank\"> hotel en Veracruz y Boca del R\u00edo<\/a>. A continuaci\u00f3n, te proporcionamos las fechas y horarios de los desfiles, conciertos y espect\u00e1culos, as\u00ed como la convocatoria al concurso de disfraces de la 88ava. edici\u00f3n del <span style=\"text-decoration: underline;\">Carnaval de Veracruz que se llevar\u00e1 a cabo del 14 al 22 de Febrero de 2012<\/span> en el &#8220;Bello Puerto de Veracruz&#8221;.<\/h2>\n<h3><strong><\/strong>Artistas Invitados al Carnaval de Veracruz 2012<\/h3>\n<p>Enrique Iglesias \/ Paulina Rubio \/ Wisin &amp; Yandel \/ Alberto Barros \/ Espinoza Paz \/ Ninel Conde \/ Margarita Diosa de la Cumbia \/ Danna Paola \/ Junior Klan \/ Mara Escalante.<\/p>\n<p><strong>Fechas, foros y horarios de sus conciertos a continuaci\u00f3n.<\/strong><\/p>\n<h3>Calendario de Eventos, Desfiles y Conciertos del Carnaval de Veracruz 2012:<\/h3>\n<h3>Martes 14 de Enero de 2012\u00a0\u00a0 <strong><\/strong><\/h3>\n<p><span style=\"text-decoration: underline;\"><strong>Desfile de Jardines de Ni\u00f1os<\/strong><\/span> (<em>Avenida Independencia. 16:00 hrs<\/em>.)<strong> <\/strong><\/p>\n<p><strong>Carnaval en tu Colonia<\/strong>, con artistas locales. (<em>Col. Inf. Buena Vista. 16:00 hrs.<\/em>)<br \/>\n<strong>Rumbata de la Quema del Mal Humor<\/strong> (<em>Calle 5 de Mayo e Independencia. 19:00 hrs.<\/em>)<br \/>\n<strong>Eventos en la Plazuela de la Campana<\/strong>, con artistas locales. <em>19:30 hrs<\/em>.<\/p>\n<p><strong>Espect\u00e1culos en el Z\u00f3calo<\/strong>, con artistas locales. <em>20:30 hrs<\/em>.<\/p>\n<p><span style=\"text-decoration: underline;\"><strong>Ceremonia de la Quema del Mal Humor + Shows de JUNIOR KLAN y MARA ESCALANTE<\/strong><\/span>.<br \/>\n(<em>Z\u00f3calo.\u00a0 21:00 hrs<\/em>).<\/p>\n<h3>Mi\u00e9rcoles 15 de Enero de 2012<\/h3>\n<p><strong>Carnaval en tu Colonia<\/strong>, con artistas locales. (<em>Col. Pocitos y Rivera. 16:00 hrs<\/em>.)<\/p>\n<p><span style=\"text-decoration: underline;\"><strong>Desfile de Coronaci\u00f3n de Reyes Infantiles<\/strong><\/span> (<em>Avenida Independencia. 17:00 hrs.<\/em>)<\/p>\n<p><span style=\"text-decoration: underline;\"><strong>Ceremonia de Coronaci\u00f3n de Reyes Infantiles + Show de DANNA PAOLA y CANTAJUEGO<\/strong>.<\/span><br \/>\n(<em>Auditorio B. Ju\u00e1rez. 19:00 hrs.<\/em>)<\/p>\n<p><strong>Eventos en la Plazuela de la Campana<\/strong>, con artistas locales. <em>19:30 hrs.<\/em><br \/>\n<strong>Espect\u00e1culos en el Z\u00f3calo<\/strong>, con artistas locales. <em>20:30 hrs<\/em>.<\/p>\n<h3>Jueves 16 de Enero de 2012<\/h3>\n<p><strong>Carnaval en tu colonia<\/strong>, con artistas locales. (<em>Col. Tejer\u00eda. 16:00 hrs.<\/em>)<\/p>\n<p><span style=\"text-decoration: underline;\"><strong>Desfile de Coronaci\u00f3n Rey de la Alegr\u00eda<\/strong><\/span> (<em>Avenida Independencia. 19:00 hrs<\/em>.)<\/p>\n<p><strong>Eventos en la Plazuela de la Campana<\/strong>, con artistas locales. (<em>19:30 hrs<\/em>.)<br \/>\n<strong>Espect\u00e1culos en el Z\u00f3calo<\/strong>, con artistas locales. <em>20:30 hrs.<\/em><\/p>\n<p><strong>Esquina de Rock &#8211; En el Parque Obreg\u00f3n,<\/strong> 21:00 hrs.<\/p>\n<p><span style=\"text-decoration: underline;\"><strong>Coronaci\u00f3n Rey de la Alegr\u00eda + Show de NINEL CONDE \/ MARGARITA &#8220;Diosa de la Cumbia&#8221;<\/strong><\/span><strong>. \u00a0<\/strong><br \/>\n<em>Auditorio Benito Ju\u00e1rez. 21:00 hrs<\/em>.<\/p>\n<h3>Viernes 17 de Febrero de 2012<\/h3>\n<p><strong>Carnaval en tu Colonia<\/strong>, con artistas locales. (<em>Col. R\u00edo Medio. 16:00 hrs<\/em>.)<\/p>\n<p><span style=\"text-decoration: underline;\"><strong>Desfile de Coronaci\u00f3n de la Reina del Carnaval<\/strong><\/span> (<em>Avenida Independencia. 19:00 hrs<\/em>.)<\/p>\n<p><strong>Eventos en la Plazuela de la Campana<\/strong>, con artistas locales. <em>19:30 hrs.<\/em><br \/>\n<strong>Espect\u00e1culos en el Z\u00f3calo<\/strong>, con artistas locales. <em>20:30 hrs<\/em>.<\/p>\n<p><strong>Esquina de Rock &#8211; En el Parque Obreg\u00f3n<\/strong>, <em>21:00 hrs.<\/em><\/p>\n<p><span style=\"text-decoration: underline;\"><strong>Coronaci\u00f3n de la Reina del Carnaval 2012 + Show de CRISTIAN CASTRO.<\/strong><\/span><br \/>\n<em>Auditorio Benito Ju\u00e1rez. 21:00 hrs<\/em>.<\/p>\n<h3>S\u00e1bado 18 de Febrero de 2012<\/h3>\n<p><span style=\"text-decoration: underline;\"><strong>Desfile Na\u00fatico en el Paseo del Malec\u00f3n<\/strong><\/span>. <em>10:00 hrs.<\/em><\/p>\n<p><span style=\"text-decoration: underline;\"><strong>Taz\u00f3n Carnaval de Futbol Americano en la Universidad Villa Rica<\/strong><\/span>. <em>11:00 hrs<\/em>.<\/p>\n<p><strong>Visita al Museo Naval<\/strong>. <em>12:00 hrs.<\/em><\/p>\n<p><strong>Carnaval en tu Colonia<\/strong>, con artistas locales. (<em>Col. Playa Linda. 16:00 hrs<\/em>.)<\/p>\n<p><span style=\"text-decoration: underline;\"><strong>1er. GRAN DESFILE DE CARNAVAL<\/strong><\/span> <em>(Boulevard \u00c1vila Camacho, <span style=\"text-decoration: underline;\">de Sur a Norte<\/span>. 18:00 hrs.<\/em><\/p>\n<p><strong>Eventos en la Plazuela de la Campana<\/strong>, con artistas locales. <em>19:30 hrs.<\/em><br \/>\n<strong>Espect\u00e1culos en el Z\u00f3calo<\/strong>, con artistas locales. <em>20:30 hrs.<\/em><\/p>\n<p><strong>Esquina de Rock &#8211; Parque Obreg\u00f3n<\/strong>, 21:00 hrs.<\/p>\n<p><span style=\"text-decoration: underline;\"><strong>Concierto de PAULINA RUBIO<\/strong><\/span> &#8211; (Evento Masivo en la Macro Plaza del Malec\u00f3n. 22:00 hrs.)<\/p>\n<h3>Domingo 19 de Febrero de 2012\u00a0 <strong><\/strong><\/h3>\n<p><span style=\"text-decoration: underline;\"><strong>2do. GRAN DESFILE DE CARNAVAL<\/strong><\/span> (<em>Boulevard \u00c1vila Camacho, <span style=\"text-decoration: underline;\">de Norte a Sur<\/span>. 10:00 hrs<\/em>.)<\/p>\n<p><strong>Carnaval en tu Colonia<\/strong>, con artistas locales. (<em>Col. Vergel. 16:00 hrs.<\/em>)<\/p>\n<p><span style=\"text-decoration: underline;\"><strong>3er GRAN DESFILE DE CARNAVAL<\/strong><\/span> (<em>Boulevard \u00c1vila Camacho, <span style=\"text-decoration: underline;\">de Sur a Norte<\/span>. 18:00 hrs.<\/em>)<\/p>\n<p><strong>Eventos en la Plazuela de la Campana<\/strong>, con artistas locales. <em>19:30 hrs.<\/em><br \/>\n<strong>Espect\u00e1culos en el Z\u00f3calo<\/strong>, con artistas locales. <em>20:30 hrs.<\/em><\/p>\n<p><strong>Esquina de Rock &#8211; En el Parque Obreg\u00f3n<\/strong>, <em>21:00 hrs.<\/em><\/p>\n<p><span style=\"text-decoration: underline;\"><strong>Concierto de ESPINAZO PAZ<\/strong><\/span> (Evento Masivo en la Macro Plaza del Malec\u00f3n. 22:00 hrs.)<\/p>\n<h3>Lunes 20 de Febrero de 2012<\/h3>\n<p><strong>Vista a Centros de Asistencia Social<\/strong>. <em>10:00 hrs.<\/em><br \/>\nLa &#8220;Corte Real&#8221; realiza visitas asistenciales a asilos de ancianos y albergues de ni\u00f1os, esto con el fin de integrar a todos los sectores de la poblaci\u00f3n.<\/p>\n<p><strong>Carnaval en tu Colonia<\/strong>, con artistas locales. (<em>Col. Santa Fe. 16:00 hrs<\/em>.)<\/p>\n<p><span style=\"text-decoration: underline;\"><strong>4to GRAN DESFILE DE CARNAVAL<\/strong><\/span> (<em>Boulevard \u00c1vila Camacho, de Norte a Sur. 18:00 hrs<\/em>.)<\/p>\n<p><strong>Eventos en la Plazuela de la Campana<\/strong>, con artistas locales. <em>19:30 hrs.<\/em><br \/>\n<strong>Espect\u00e1culos en el Z\u00f3calo<\/strong>, con artistas locales. <em>20:30 hrs.<\/em><\/p>\n<p><strong>Esquina de Rock &#8211; En el Parque Obreg\u00f3n<\/strong>, <em>21:00 hrs.<\/em><\/p>\n<p><span style=\"text-decoration: underline;\"><strong>Concierto de WISIN &amp; YANDEL<\/strong><\/span> (<em>Evento Masivo en la Macro Plaza del Malec\u00f3n. 22:00 hrs.<\/em>)<\/p>\n<p><strong>Baile Popular con 3 escenarios<\/strong>. (<em>Avenida Independencia. 22:00 hrs<\/em>.)<\/p>\n<h3>Martes 21 de Febrero de 2012<\/h3>\n<p><span style=\"text-decoration: underline;\"><strong>5to. GRAN DESFILE DE CARNAVAL<\/strong><\/span> (<em>Boulevard \u00c1vila Camacho, de Sur a Norte. 10:00 hrs<\/em>.)<\/p>\n<p><span style=\"text-decoration: underline;\"><strong>Ceremonia: Premiaci\u00f3n Comparsas en el Z\u00f3calo<\/strong><\/span>. <em>14:00 hrs.<\/em><\/p>\n<p><strong>Carnaval en tu Colonia<\/strong>, con artistas locales. (<em>Col. Reserva II. 16:00 hrs<\/em>.)<\/p>\n<p><strong>6to. GRAN DESFILE DE CARNAVAL<\/strong> (<em>Boulevard \u00c1vila Camacho, de Norte a Sur. 18:00 hrs<\/em>.)<\/p>\n<p><strong>Eventos en la Plazuela de la Campana<\/strong>, con artistas locales. <em>19:30 hrs<\/em>.<br \/>\n<strong>Espect\u00e1culos en el Z\u00f3calo<\/strong>, con artistas locales. <em>20:30 hrs. \u00a0<\/em><\/p>\n<p><strong>Esquina de Rock &#8211; En el Parque Obreg\u00f3n<\/strong>, <em>21:00 hrs.<\/em><\/p>\n<p><span style=\"text-decoration: underline;\"><strong>Concierto de ALBERTO BARROS<\/strong><\/span> (Evento Masivo en la Macro Plaza del Malec\u00f3n. 22:00 hrs.)<\/p>\n<h3>Mi\u00e9rcoles 22 de Febrero de 2012<\/h3>\n<p><strong>Carnaval en tu Colonia<\/strong>, con artistas locales. (Col. Dos Caminos. 16:00 hrs.)<\/p>\n<p><span style=\"text-decoration: underline;\"><strong>Rumbata Entierro Juan Carnaval<\/strong><\/span> (<em>Calle 5 de Mayo e Independencia. 19:00 hrs.<\/em>)<\/p>\n<p><strong>Eventos en la Plazuela de la Campana<\/strong>, con artistas locales. <em>19:30 hrs.<\/em><br \/>\n<strong>Espect\u00e1culos en el Z\u00f3calo<\/strong>, con artistas locales. <em>20:30 hrs. \u00a0<\/em><\/p>\n<p><span style=\"text-decoration: underline;\"><strong>Entierro de Juan Carnaval + Concierto de ENRIQUE IGLESIAS<\/strong><\/span><br \/>\n<em>Macro Plaza del Malec\u00f3n. 21:00 hrs<\/em>.\u00a0 <strong><\/strong><\/p>\n<h3><strong>Convocatoria y Premios del Concurso de Disfraces:<\/strong><\/h3>\n<p>Las inscripciones son gratuitas y quedan abiertas hasta las 14:00 horas del d\u00eda 31 de enero de 2012. Si quieres conocer los requisitos y los premios descarga <a title=\"Convocatoria Concurso de Disfraces, Comit\u00e9 del Carnaval de Veracruz\" href=\"http:\/\/www.carnavalveracruz.com.mx\/Portals\/0\/convocatorias\/Convocatoria_Disfraces_Carnaval_2012.pdf\" target=\"_blank\">aqu\u00ed la convocatoria del Comit\u00e9 del Carnaval<\/a>.<\/p>\n<p><span style=\"text-decoration: underline;\">Direcci\u00f3n del Comit\u00e9 del Carnaval.<\/span><br \/>\nEdificio Trigueros, planta baja a un costado del Palacio Municipal de Veracruz Mario Molina y Zaragoza (de 9 &#8211; 16 hrs.)<\/p>\n<h3>Enlaces de inter\u00e9s:<\/h3>\n<p><strong><a title=\"Sitio Oficial del Carnaval de Veracruz 2012\" href=\"http:\/\/www.carnavalveracruz.com.mx\/Inicio.aspx\" target=\"_blank\">Sitio Web del Carnaval de Veracruz 2012<\/a>\u00a0 <\/strong><\/p>\n<p><strong><a title=\"Restaurantes en Veracruz y Boca del R\u00edo.\" href=\"http:\/\/www.travelbymexico.com\/veracruz\/restaurantes\/index.php\" target=\"_blank\">RERTAURANTES en Veracruz y Boca del R\u00edo<\/a> <\/strong><\/p>\n<p><strong><a title=\"Mapa interactivo de Veracruz y Boca del R\u00edo, Veracruz. M\u00e9xico\" href=\"http:\/\/www.travelbymexico.com\/veracruz\/mapa\" target=\"_blank\">MAPA interactivo de Veracruz y Boca del R\u00edo <\/a><\/strong><\/p>\n<p><strong><a title=\"Gu\u00eda de Hoteles en la ciudad de Veracruz-Boca del R\u00edo\" href=\"http:\/\/www.travelbymexico.com\/veracruz\/hoteles\/\" target=\"_blank\">Reserva un HOTEL en Veracruz &#8211; Boca del R\u00edo<\/a><\/strong><\/p>\n<p>&nbsp;<\/p>\n","protected":false},"excerpt":{"rendered":"<p>Falta menos de un mes para el inicio del tradicional Carnaval de Veracruz. Esta celebraci\u00f3n es un evento masivo al<\/p>\n","protected":false},"author":2,"featured_media":10937,"comment_status":"closed","ping_status":"open","sticky":false,"template":"","format":"standard","meta":[],"categories":[36,14],"tags":[165,214,217,329,373,374,407,2345,2346,1385,1065],"_links":{"self":[{"href":"https:\/\/www.travelbymexico.com\/blog\/wp-json\/wp\/v2\/posts\/10936"}],"collection":[{"href":"https:\/\/www.travelbymexico.com\/blog\/wp-json\/wp\/v2\/posts"}],"about":[{"href":"https:\/\/www.travelbymexico.com\/blog\/wp-json\/wp\/v2\/types\/post"}],"author":[{"embeddable":true,"href":"https:\/\/www.travelbymexico.com\/blog\/wp-json\/wp\/v2\/users\/2"}],"replies":[{"embeddable":true,"href":"https:\/\/www.travelbymexico.com\/blog\/wp-json\/wp\/v2\/comments?post=10936"}],"version-history":[{"count":3,"href":"https:\/\/www.travelbymexico.com\/blog\/wp-json\/wp\/v2\/posts\/10936\/revisions"}],"predecessor-version":[{"id":10939,"href":"https:\/\/www.travelbymexico.com\/blog\/wp-json\/wp\/v2\/posts\/10936\/revisions\/10939"}],"wp:featuredmedia":[{"embeddable":true,"href":"https:\/\/www.travelbymexico.com\/blog\/wp-json\/wp\/v2\/media\/10937"}],"wp:attachment":[{"href":"https:\/\/www.travelbymexico.com\/blog\/wp-json\/wp\/v2\/media?parent=10936"}],"wp:term":[{"taxonomy":"category","embeddable":true,"href":"https:\/\/www.travelbymexico.com\/blog\/wp-json\/wp\/v2\/categories?post=10936"},{"taxonomy":"post_tag","embeddable":true,"href":"https:\/\/www.travelbymexico.com\/blog\/wp-json\/wp\/v2\/tags?post=10936"}],"curies":[{"name":"wp","href":"https:\/\/api.w.org\/{rel}","templated":true}]}}