{"id":10865,"date":"2012-01-13T23:19:35","date_gmt":"2012-01-14T05:19:35","guid":{"rendered":"http:\/\/www.travelbymexico.com\/blog\/?p=10865"},"modified":"2012-01-16T15:32:32","modified_gmt":"2012-01-16T21:32:32","slug":"bjork-caifanes-cafe-tacvba-y-muchos-mas-en-la-cumbre-tajin-2012","status":"publish","type":"post","link":"https:\/\/www.travelbymexico.com\/blog\/10865-bjork-caifanes-cafe-tacvba-y-muchos-mas-en-la-cumbre-tajin-2012\/","title":{"rendered":"Bj\u00f6rk, Caifanes, Caf\u00e9 Tacvba y muchos m\u00e1s en la Cumbre Taj\u00edn 2012"},"content":{"rendered":"<h2>Los organizadores de la Cumbre Taj\u00edn revelaron hoy los nombres de los artistas confirmados para la 13a. edici\u00f3n del &#8220;Festival de la Identidad: Cumbre Taj\u00edn 2012&#8221;. Descubre a continuaci\u00f3n las fechas del festival y los miembros del elenco.<\/h2>\n<h3>Cumbre Taj\u00edn 2012, del 17 al 21 de marzo<\/h3>\n<p>Con el objetivo primordial de preservar y difundir la riqueza cultural y arqueol\u00f3gica de la Ciudad Sagrada de <a title=\"Rese\u00f1a sobre la Zona Arqueol\u00f3gica del Taj\u00edn\" href=\"http:\/\/www.travelbymexico.com\/blog\/1766-tajin-zona-arqueologica\" target=\"_blank\">El Taj\u00edn<\/a> y las tradiciones del pueblo Totonaca, el <strong>Festival Cultural Cumbre Taj\u00edn 2012<\/strong> se realizar\u00e1, como cada a\u00f1o, en fechas cercanas al equinoccio de primavera.<\/p>\n<p>Aparte de los conciertos anunciados, se llevar\u00e1 a cabo una serie de actividades como talleres, terapias de medicina alternativa, conferencias, exposiciones de artesan\u00edas, juegos aut\u00f3ctonos, danzas y rituales que incluir\u00e1n a los <a title=\"Voladores de Papantla: hombres p\u00e1jaros Totonacas\" href=\"http:\/\/www.travelbymexico.com\/blog\/5696-voladores-de-papantla-hombres-pajaros-de-mexico\" target=\"_blank\">Voladores de Papantla<\/a>, entre otros; en la <strong>zona arqueol\u00f3gica<\/strong>, el <strong>Parque Takilhsukut<\/strong> y el <strong>z\u00f3calo de la ciudad de Papantla<\/strong>;<\/p>\n<h3>Artistas confirmados: Descubre el Lineup de la Cumbre Taj\u00edn 2012, <a title=\"Fechas de conciertos artistas Cumbre Taj\u00edn 2012\" href=\"http:\/\/www.travelbymexico.com\/blog\/10874-programa-de-conciertos-y-actividades-cumbre-tajin-2012\" target=\"_blank\"><span style=\"text-decoration: underline;\">aqu\u00ed<\/span><\/a><\/h3>\n<p>Bj\u00f6rk,<br \/>\nSinead O\u2019Connor,<br \/>\nPink Martini,<br \/>\nJesse Cook,<br \/>\nCelia Cruz All Stars,<br \/>\nBebe,<br \/>\nBenny,<br \/>\nCaifanes,<br \/>\nCaf\u00e9 Tacvba,<br \/>\nCojolites,<br \/>\nDivisi\u00f3n Min\u00fascula,<br \/>\nElan,<br \/>\nInstituto Mexicano del Sonido,<br \/>\nJanelle Mon\u00e1e,<br \/>\nLos Aguas Aguas,<br \/>\nLos Daniels,<br \/>\nLos Joao,<br \/>\nOlodum,<br \/>\nRayo Backs,<br \/>\nSonidero Meztizo,<br \/>\nPila Seca,<br \/>\nTribu,<br \/>\nWilly Chirino.<\/p>\n<h3>Boletos:<\/h3>\n<p>Los conciertos se llevar\u00e1n a cabo en el Parque Tem\u00e1tico Takilhsukut Carretera Poza Rica &#8211; El Chote, Papantla de Olarte, VER.<\/p>\n<p>La venta de <a title=\"Boletos para la Cumbre Taj\u00edn 2012\" href=\"http:\/\/www.ticketmaster.com.mx\/Parque-Tematico-Takilhsukut-boletos-Papantla-de-Olarte\/venue\/164431\" target=\"_blank\">boletos<\/a> inici\u00f3 a trav\u00e9s del sistema de Ticketmaster.<\/p>\n<h3>Declaratorias relativas a la Zona Arqueol\u00f3gica de El Taj\u00edn<\/h3>\n<p>Por sus valores culturales, as\u00ed como por otras caracter\u00edsticas especiales, la Zona Arqueol\u00f3gica de El Taj\u00edn cuenta con las siguientes declaratorias:<\/p>\n<p>&#8211; El 30 de marzo del 2001 se public\u00f3 un decreto presidencial que protege las 1,221 hect\u00e1reas de zona arqueol\u00f3gica.<\/p>\n<p>-El 14 de diciembre de 1992, el Taj\u00edn fue inscrito como Bien Cultural en la <a title=\"Patrimonios de la Humanidad en M\u00e9xico, inscritos a la lista de la UNESCO\" href=\"http:\/\/www.travelbymexico.com\/blog\/5574-patrimonios-de-la-humanidad-en-mexico\" target=\"_blank\">Lista de Patrimonio Mundial de la Unesco<\/a>.<\/p>\n<h3>Enlaces de inter\u00e9s:<\/h3>\n<p><strong><a title=\"Canal youtube de Cumbre Taj\u00edn, video promocional del festival 2012\" href=\"http:\/\/www.youtube.com\/watch?v=DdDT2qjMsJo\" target=\"_blank\">Video promocional de la Cumbre Taj\u00edn 2012<\/a> <\/strong><\/p>\n<p><strong><a title=\"Sitio Web de la Cumbre Taj\u00edn\" href=\"http:\/\/www.cumbretajin.com\" target=\"_blank\">Cumbre Taj\u00edn Oficial<\/a> <\/strong><\/p>\n<p><strong><a title=\"Rese\u00f1a sobre la Zona Arqueol\u00f3gica del Taj\u00edn\" href=\"http:\/\/www.travelbymexico.com\/blog\/1766-tajin-zona-arqueologica\" target=\"_blank\">Zona Arqueol\u00f3gica de Taj\u00edn <\/a><\/strong><\/p>\n<p><strong><a title=\"Cumbre Taj\u00edn firm\u00f3 un convenio con el Museo Nacional del Ind\u00edgena Americano en Washington\" href=\" http:\/\/www.travelbymexico.com\/blog\/8882-cumbre-tajin-firma-convenio-con-museo-nacional-del-indigena-americano-en-washington\" target=\"_blank\">Cumbre Taj\u00edn firma convenio con Museo Nacional del Ind\u00edgena Americano en Washington<\/a> <\/strong><\/p>\n<p><strong><a title=\"Vas a viajar en coche dentro de la Rep\u00fablica Mexicana? C\u00e1lcula rutas y costos aqu\u00ed\" href=\"http:\/\/www.travelbymexico.com\/blog\/carreterasyrutas\" target=\"_blank\">\u00bfC\u00f3mo llegar a la Cumbre Taj\u00edn (Papantla) en coche? C\u00e1lcula tu ruta aqu\u00ed<\/a>. <\/strong><\/p>\n<p><span style=\"text-decoration: underline;\"><strong><a title=\"Fechas de conciertos artistas Cumbre Taj\u00edn 2012, Actividades y Hospedaje\" href=\"http:\/\/www.travelbymexico.com\/blog\/10874-programa-de-conciertos-y-actividades-cumbre-tajin-2012\" target=\"_blank\">Fecha de los Conciertos Cumbre Taj\u00edn 2012, las Actividades y opciones de hospedaje <\/a><\/strong><\/span><\/p>\n<p>&nbsp;<\/p>\n","protected":false},"excerpt":{"rendered":"<p>Los organizadores de la Cumbre Taj\u00edn revelaron hoy los nombres de los artistas confirmados para la 13a. edici\u00f3n del &#8220;Festival<\/p>\n","protected":false},"author":2,"featured_media":10866,"comment_status":"closed","ping_status":"open","sticky":false,"template":"","format":"standard","meta":[],"categories":[37],"tags":[2330,2329,2242,1590,360,397,537,1053,1237,1279,1301],"_links":{"self":[{"href":"https:\/\/www.travelbymexico.com\/blog\/wp-json\/wp\/v2\/posts\/10865"}],"collection":[{"href":"https:\/\/www.travelbymexico.com\/blog\/wp-json\/wp\/v2\/posts"}],"about":[{"href":"https:\/\/www.travelbymexico.com\/blog\/wp-json\/wp\/v2\/types\/post"}],"author":[{"embeddable":true,"href":"https:\/\/www.travelbymexico.com\/blog\/wp-json\/wp\/v2\/users\/2"}],"replies":[{"embeddable":true,"href":"https:\/\/www.travelbymexico.com\/blog\/wp-json\/wp\/v2\/comments?post=10865"}],"version-history":[{"count":3,"href":"https:\/\/www.travelbymexico.com\/blog\/wp-json\/wp\/v2\/posts\/10865\/revisions"}],"predecessor-version":[{"id":10868,"href":"https:\/\/www.travelbymexico.com\/blog\/wp-json\/wp\/v2\/posts\/10865\/revisions\/10868"}],"wp:featuredmedia":[{"embeddable":true,"href":"https:\/\/www.travelbymexico.com\/blog\/wp-json\/wp\/v2\/media\/10866"}],"wp:attachment":[{"href":"https:\/\/www.travelbymexico.com\/blog\/wp-json\/wp\/v2\/media?parent=10865"}],"wp:term":[{"taxonomy":"category","embeddable":true,"href":"https:\/\/www.travelbymexico.com\/blog\/wp-json\/wp\/v2\/categories?post=10865"},{"taxonomy":"post_tag","embeddable":true,"href":"https:\/\/www.travelbymexico.com\/blog\/wp-json\/wp\/v2\/tags?post=10865"}],"curies":[{"name":"wp","href":"https:\/\/api.w.org\/{rel}","templated":true}]}}