{"id":10755,"date":"2012-01-02T23:48:43","date_gmt":"2012-01-03T05:48:43","guid":{"rendered":"http:\/\/www.travelbymexico.com\/blog\/?p=10755"},"modified":"2012-11-20T23:10:00","modified_gmt":"2012-11-21T05:10:00","slug":"conaculta-cine-rinde-homenaje-a-pedro-armendariz-jr","status":"publish","type":"post","link":"https:\/\/www.travelbymexico.com\/blog\/10755-conaculta-cine-rinde-homenaje-a-pedro-armendariz-jr\/","title":{"rendered":"Conaculta Cine rinde homenaje a Pedro Armend\u00e1riz Jr."},"content":{"rendered":"<h2>Del 17 al 29 de enero, Conaculta Cine rendir\u00e1 un homenaje a Pedro Armend\u00e1riz, una de las figuras m\u00e1s emblem\u00e1ticas y queridas del cine mexicano, fallecido el 26 de diciembre de 2011 en la ciudad de Nueva York. La muestra reunir\u00e1 13 largometrajes provenientes del acervo de la Cineteca Nacional que se podr\u00e1n apreciar en el The Movie Company y el Centro de Capacitaci\u00f3n Cinematogr\u00e1fica (CCC), <a title=\"La Cineteca Nacional informa: Sedes Alternas de la Cineteca Nacional funcionar\u00e1n de Enero a Agosto del 2012\" href=\"http:\/\/sigloxxi.cinetecanacional.net\" target=\"_blank\">sedes alternas<\/a> de la Cineteca Nacional situadas en la ciudad de M\u00e9xico.<\/h2>\n<p>Pedro Armend\u00e1riz Pardo fue uno de los actores m\u00e1s destacados de su generaci\u00f3n y una de las grandes figuras del cine mexicano contempor\u00e1neo.<\/p>\n<p>Con una filmograf\u00eda de m\u00e1s de 140 pel\u00edculas y una prol\u00edfica trayectoria en teatro y televisi\u00f3n, fue tambi\u00e9n presidente de la Academia de Ciencias y Artes Cinematogr\u00e1ficas desde finales de los 90 hasta el 2010, se erigi\u00f3 como uno de los m\u00e1s grandes defensores y promotores del cine mexicano.<\/p>\n<h3>\u00bfD\u00f3nde y cu\u00e1ndo se llevar\u00e1 a cabo la retrospectiva f\u00edlmica de Pedro Armend\u00e1riz Jr.?<\/h3>\n<p><strong>Del 17 al 29 de enero en la sala 9 de The Movie Company<\/strong>, ubicada en el Pedregal.<\/p>\n<p><em>Escenaria Av. San Jer\u00f3nimo no. 263, Ciudad de M\u00e9xico. Tel\u00e9fono: 55 50 08 59<\/em><\/p>\n<p><strong>Los domingos 22 y 29 en la sala Luis Bu\u00f1uel<\/strong> <strong>del Centro de Capacitaci\u00f3n Cinematogr\u00e1fica (CCC)<\/strong>. Entrada Gratuita.<\/p>\n<p><em>Calzada de Tlalpan No. 1670 Colonia Country Club. Delegaci\u00f3n Coyoac\u00e1n. Ciudad de M\u00e9xico. Tel\u00e9fono: 55 41 55 00 90.<\/em><\/p>\n<p><span style=\"text-decoration: underline;\"><strong>Las peliculas ser\u00e1n las siguientes:\u00a0<\/strong><\/span><\/p>\n<p><strong>La soldadera<\/strong> (1966) de Jos\u00e9 Bola\u00f1os. Con Silvia Pinal, Jaime Fern\u00e1ndez y Narciso Busquets.<br \/>\n<strong>La pasi\u00f3n seg\u00fan Berenice<\/strong> (1975) de Jaime Humberto Hermosillo.<br \/>\n<strong>El complot mongol<\/strong> (1978) de Antonio Eceiza;<br \/>\n<strong>Cadena perpetua<\/strong> (1979), donde colabor\u00f3 con Arturo Ripstein;<br \/>\n<strong>D\u00edas de combate<\/strong> (1982) de Alfredo Gurrola. Une historia policiaca basada en la novela hom\u00f3nima de Paco Ignacio Taibo II;<br \/>\n<strong>El coraz\u00f3n de la noche<\/strong> (1984), en el que volver\u00eda a colaborar con Jaime Humberto Hermosillo;<br \/>\n<strong>El tres de copas<\/strong> (1986) de Felipe Cazals. Esta cinta fue nominada a cinco premios Ariel;<br \/>\n<strong>La novicia<\/strong> (1988) (t\u00edtulo original: Les Pyramides Bleues &#8211; Paradise Calling). Una producci\u00f3n franco- mexicana dirigida por Arielle Dombasle, en la que Pedro Armend\u00e1riz trabaj\u00f3 junto al reconocido actor internacional Omar Sharif;<br \/>\n<strong>Camino largo a Tijuana<\/strong> (1991) de Luis Estrada;<br \/>\n<strong>La m\u00e1scara del Zorro<\/strong> (1998) de Martin Campbell(Estados Unidos-Alemania);<br \/>\n<strong>\u00c9rase una vez en M\u00e9xico<\/strong> (2003) de Robert Rodr\u00edguez, (Estados Unidos);<br \/>\n<strong>La ley de Herodes<\/strong> (1999) de Luis Estrada. Filme por el cual P.Armend\u00e1riz fue reconocido con el Ariel a la Mejor Coactuaci\u00f3n Masculina;<br \/>\n<strong>Matando cabos<\/strong> (2004) de Alejandro Lozano.<\/p>\n<h3>Enlaces de inter\u00e9s:<\/h3>\n<p><strong><a title=\"Todas las pel\u00edculas de Pedro Armend\u00e1riz Pardo en el sitio web del IMCINE\" href=\"http:\/\/www.imcine.gob.mx\/pedro-armendriz-jr.html\" target=\"_blank\">Pedro Armend\u00e1riz Jr. en el sitio de IMCINE <\/a><\/strong><\/p>\n<p><strong><a title=\"Pedro Armend\u00e1riz Pardo en el sitio web de Wikipedia\" href=\"http:\/\/es.wikipedia.org\/wiki\/Pedro_Armend%C3%A1riz_Jr.\" target=\"_blank\">Pedro Armend\u00e1riz Pardo en Wikipedia <\/a><\/strong><\/p>\n<p><strong>Leer el art\u00edculo relacionado de la Cineteca Nacional: <a title=\"Comunicado de la Cineteca Nacional: A partir del 17 de enero, la Cineteca Nacional rendir\u00e1 homenaje a Pedro Armend\u00e1riz\" href=\"http:\/\/www.cinetecanacional.net\/bolcntk\/index.php?id=325 \" target=\"_blank\">A partir del 17 de enero, la Cineteca Nacional rendir\u00e1 homenaje a Pedro Armend\u00e1riz<\/a><\/strong><\/p>\n<p><strong>\u00a0<a title=\"La Cineteca Nacional informa: Sedes Alternas de la Cineteca Nacional funcionar\u00e1n de Enero a Agosto del 2012\" href=\"http:\/\/sigloxxi.cinetecanacional.net\" target=\"_blank\">Sedes Alternas de la Cineteca Nacional <\/a><\/strong><\/p>\n","protected":false},"excerpt":{"rendered":"<p>Del 17 al 29 de enero, Conaculta Cine rendir\u00e1 un homenaje a Pedro Armend\u00e1riz, una de las figuras m\u00e1s emblem\u00e1ticas<\/p>\n","protected":false},"author":2,"featured_media":10756,"comment_status":"closed","ping_status":"open","sticky":false,"template":"","format":"standard","meta":[],"categories":[9],"tags":[2299,1406,305,1349,318,357,2300,2298],"_links":{"self":[{"href":"https:\/\/www.travelbymexico.com\/blog\/wp-json\/wp\/v2\/posts\/10755"}],"collection":[{"href":"https:\/\/www.travelbymexico.com\/blog\/wp-json\/wp\/v2\/posts"}],"about":[{"href":"https:\/\/www.travelbymexico.com\/blog\/wp-json\/wp\/v2\/types\/post"}],"author":[{"embeddable":true,"href":"https:\/\/www.travelbymexico.com\/blog\/wp-json\/wp\/v2\/users\/2"}],"replies":[{"embeddable":true,"href":"https:\/\/www.travelbymexico.com\/blog\/wp-json\/wp\/v2\/comments?post=10755"}],"version-history":[{"count":7,"href":"https:\/\/www.travelbymexico.com\/blog\/wp-json\/wp\/v2\/posts\/10755\/revisions"}],"predecessor-version":[{"id":10758,"href":"https:\/\/www.travelbymexico.com\/blog\/wp-json\/wp\/v2\/posts\/10755\/revisions\/10758"}],"wp:featuredmedia":[{"embeddable":true,"href":"https:\/\/www.travelbymexico.com\/blog\/wp-json\/wp\/v2\/media\/10756"}],"wp:attachment":[{"href":"https:\/\/www.travelbymexico.com\/blog\/wp-json\/wp\/v2\/media?parent=10755"}],"wp:term":[{"taxonomy":"category","embeddable":true,"href":"https:\/\/www.travelbymexico.com\/blog\/wp-json\/wp\/v2\/categories?post=10755"},{"taxonomy":"post_tag","embeddable":true,"href":"https:\/\/www.travelbymexico.com\/blog\/wp-json\/wp\/v2\/tags?post=10755"}],"curies":[{"name":"wp","href":"https:\/\/api.w.org\/{rel}","templated":true}]}}