{"id":10671,"date":"2011-12-21T09:10:43","date_gmt":"2011-12-21T15:10:43","guid":{"rendered":"http:\/\/www.travelbymexico.com\/blog\/?p=10671"},"modified":"2011-12-21T00:25:46","modified_gmt":"2011-12-21T06:25:46","slug":"el-ballet-folklorico-de-mexico-de-amalia-hernandez-llega-a-chapultepec","status":"publish","type":"post","link":"https:\/\/www.travelbymexico.com\/blog\/10671-el-ballet-folklorico-de-mexico-de-amalia-hernandez-llega-a-chapultepec\/","title":{"rendered":"El Ballet Folkl\u00f3rico de M\u00e9xico de Amalia Hern\u00e1ndez llega a Chapultepec"},"content":{"rendered":"<h2>Por tercer a\u00f1o consecutivo, el Ballet Folkl\u00f3rico de M\u00e9xico de Amalia Hern\u00e1ndez presentar\u00e1 del 23 de diciembre al 8 de enero de 2012 la obra &#8220;Navidades en M\u00e9xico&#8221; en la explanada de un lugar hist\u00f3rico y emblem\u00e1tico en M\u00e9xico: el <a title=\"Castillo de Chapultepec : breve rese\u00f1a, fotograf\u00edas y mapa de ubicaci\u00f3n\" href=\"http:\/\/www.travelbymexico.com\/ciudaddemexico\/atractivos\/index.php?nom=kdfecastillo\" target=\"_blank\">Castillo de Chapultepec<\/a>, en la ciudad de M\u00e9xico.<\/h2>\n<p>A trav\u00e9s de danzas alusivas a la Navidad, propias de las comunidades de Guerrero, Tlaxcala y Jalisco, Michoac\u00e1n, Veracruz y Yucat\u00e1n, <strong>m\u00e1s de 100 artistas<\/strong> entre bailarines, cantantes y m\u00fasicos, recrear\u00e1n el origen de la <strong>tradici\u00f3n navide\u00f1a en M\u00e9xico<\/strong> presentando un nacimiento viviente, con espl\u00e9ndidos vestuarios y m\u00fasica en vivo, as\u00ed como un sistema de iluminaci\u00f3n y sonido renovados.<\/p>\n<p><strong>Al contenido de la obra de esta tercera temporada se sumar\u00e1n\u00a0 las siguientes danzas tradicionales:<\/strong><\/p>\n<p><em>Los Viejitos<\/em>, de Michoac\u00e1n;<br \/>\n<em>Danza t\u00edpica del Lago de P\u00e1tzcuaro<\/em>, en la que se honra a la pesca;<br \/>\n<em>La Vaquer\u00eda,<\/em> de Yucat\u00e1n;<br \/>\ny un <em>Son Jarocho de Veracruz<\/em> dedicado al nacimiento del Ni\u00f1o Dios.<\/p>\n<h3>El contenido y coreograf\u00edas de &#8220;Navidades en M\u00e9xico&#8221;&#8230;<\/h3>\n<p>es el resultado de una investigaci\u00f3n de campo realizada por la bailarina y coreografa mexicana <strong>Amalia Hern\u00e1ndez<\/strong> (1917-2000) quien convers\u00f3 con miembros de las comunidades que ejecutan estos bailes alusivos a la navidad y fruto del sincretismo cat\u00f3lico e ind\u00edgena. La obra incluye el vestuario que se utiliza en estas celebraciones, as\u00ed como las representaciones de personajes tradicionales como el diablo y los arc\u00e1ngeles.<\/p>\n<h3>&#8220;Navidades en M\u00e9xico&#8221; se divide en tres cuadros:<\/h3>\n<p><span style=\"text-decoration: underline;\">&#8220;El momento de la Anunciaci\u00f3n&#8221;:<\/span><br \/>\nMontaje de un nacimiento viviente que incluye animales reales.<br \/>\nVillancicos entonados por el grupo coral del Ballet Folkl\u00f3rico de M\u00e9xico de Amalia Hern\u00e1ndez.<\/p>\n<p><span style=\"text-decoration: underline;\">Los Reyes Magos, quienes llegan a caballo:<\/span><br \/>\nLa Danza de Moros, de Michoac\u00e1n; La Culebra, de Tlaxcala, y la Danza de Diablos, de Ometepec, Guerrero.<\/p>\n<p><span style=\"text-decoration: underline;\">&#8220;Tradicional posada&#8221;:<\/span><br \/>\nInicia con el canto de la letan\u00eda, contin\u00faa con una Fiesta acompa\u00f1ada\u00a0 con <a title=\"Post Blog de Travelbymexico.com relacionados con Los Mariachis\" href=\"http:\/\/www.travelbymexico.com\/blog\/tag\/mariachis\/\" target=\"_blank\">mariachis<\/a> y compuesta por algunos de los bailes folkl\u00f3ricos m\u00e1s conocidos de Jalisco, como el Jarabe Tapat\u00edo y El Son de La Negra. Finaliza con el quiebre de la pi\u00f1ata.<\/p>\n<p><a class=\"galeria derecha\" title=\"Navidades en M\u00e9xico, obra de El Ballet Folkl\u00f3rico de Amalia Fern\u00e1ndez Temporada 2011-2012 en Chapultepec\" href=\"http:\/\/www.travelbymexico.com\/blog\/imgBase\/2011\/12\/Amalia-Hernandez.jpg\"><img loading=\"lazy\" title=\"Navidades en M\u00e9xico, obra de El Ballet Folkl\u00f3rico de Amalia Fern\u00e1ndez Temporada 2011-2012 en Chapultepec\" src=\"http:\/\/www.travelbymexico.com\/blog\/imgBase\/2011\/12\/Amalia-Hernandez-150x150.jpg\" alt=\"\" width=\"150\" height=\"150\" \/><\/a><\/p>\n<h3>Horarios y costos del espect\u00e1culo &#8220;Navidades en M\u00e9xico&#8221;:<\/h3>\n<p><strong>*Del viernes 23 de diciembre al domingo 8 de enero de 2012 <\/strong><br \/>\n<strong>A las 20:00 horas en la explanada del Castillo de Chapultepec.<\/strong><\/p>\n<p><span style=\"text-decoration: underline;\">*Excepto los d\u00edas<\/span> 24, 26 y 31 de diciembre; 2, 3 y 5 de enero.<\/p>\n<p><em>Por tratarse de una presentaci\u00f3n al aire libre, se recomienda que el p\u00fablico asista abrigado.<\/em><\/p>\n<p><strong>Duraci\u00f3n de la presentaci\u00f3n<\/strong>: 1h20 minutos.<\/p>\n<p><strong>El acceso ser\u00e1 dividido en dos secciones A y B:<\/strong><br \/>\nCosto de la entrada general para la secci\u00f3n A: $600 pesos.<br \/>\nCosto de la entrada general para la secci\u00f3nla B de $400 pesos.<\/p>\n<p><strong>**Descuento para las familias mexicanas<\/strong>: 20% adultos, 50% ni\u00f1os menores de 12 a\u00f1os, e INAMPAM:<br \/>\n<em>En las funciones de los martes, jueves y viernes, adem\u00e1s del s\u00e1bado 7 y domingo 8.<\/em><br \/>\n**V\u00e1lido desde hora y media antes de la funci\u00f3n, presentar identificaci\u00f3n vigente que acredite como mexicano en ventanilla. Los boletos pueden adquirirse en la taquilla del museo o a trav\u00e9s de Ticketmaster.<\/p>\n<h3>Enlaces de inter\u00e9s:<\/h3>\n<p><strong><a title=\"Museo Nacional de Historia Castillo de Chapultepec\" href=\"http:\/\/www.travelbymexico.com\/ciudaddemexico\/atractivos\/index.php?nom=1309488451 \" target=\"_blank\">Museo Nacional de Historia Castillo de Chapultepec<\/a> <\/strong><\/p>\n<p><strong><a title=\"Castillo de Chapultepec : breve rese\u00f1a, fotograf\u00edas y mapa de ubicaci\u00f3n\" href=\"http:\/\/www.travelbymexico.com\/ciudaddemexico\/atractivos\/index.php?nom=kdfecastillo\" target=\"_blank\">Castillo de Chapultepec: fotograf\u00edas y mapa de ubicaci\u00f3n <\/a><\/strong><\/p>\n<p><strong><a title=\"Conciertos en el Palacio de Bellas Artes. Diciembre 2011\" href=\"http:\/\/www.travelbymexico.com\/blog\/10590-conciertos-diciembre-2011-en-el-palacio-de-bellas-artes\/\" target=\"_blank\">Ballet Folkl\u00f3rico de Amalia Hern\u00e1ndez &#8211; Diciembre 2011 en el Palacio de Bellas Artes <\/a><\/strong><\/p>\n<p><strong><a title=\"Mapa interactivo de la ciudad de M\u00e9xico\" href=\"http:\/\/www.travelbymexico.com\/ciudaddemexico\/atractivos\/mapa\" target=\"_blank\">Mapa de la Ciudad de M\u00e9xico <\/a><\/strong><\/p>\n<p><strong><a title=\"Reserva un hotel en la ciudad de M\u00e9xico\" href=\"http:\/\/www.travelbymexico.com\/ciudaddemexico\/hoteles\" target=\"_blank\">Hoteles en la Ciudad de M\u00e9xico <\/a><\/strong><\/p>\n<p>&nbsp;<\/p>\n","protected":false},"excerpt":{"rendered":"<p>Por tercer a\u00f1o consecutivo, el Ballet Folkl\u00f3rico de M\u00e9xico de Amalia Hern\u00e1ndez presentar\u00e1 del 23 de diciembre al 8 de<\/p>\n","protected":false},"author":2,"featured_media":10672,"comment_status":"closed","ping_status":"open","sticky":false,"template":"","format":"standard","meta":[],"categories":[36],"tags":[77,1600,233,1640,790,899,1042,1886],"_links":{"self":[{"href":"https:\/\/www.travelbymexico.com\/blog\/wp-json\/wp\/v2\/posts\/10671"}],"collection":[{"href":"https:\/\/www.travelbymexico.com\/blog\/wp-json\/wp\/v2\/posts"}],"about":[{"href":"https:\/\/www.travelbymexico.com\/blog\/wp-json\/wp\/v2\/types\/post"}],"author":[{"embeddable":true,"href":"https:\/\/www.travelbymexico.com\/blog\/wp-json\/wp\/v2\/users\/2"}],"replies":[{"embeddable":true,"href":"https:\/\/www.travelbymexico.com\/blog\/wp-json\/wp\/v2\/comments?post=10671"}],"version-history":[{"count":3,"href":"https:\/\/www.travelbymexico.com\/blog\/wp-json\/wp\/v2\/posts\/10671\/revisions"}],"predecessor-version":[{"id":10674,"href":"https:\/\/www.travelbymexico.com\/blog\/wp-json\/wp\/v2\/posts\/10671\/revisions\/10674"}],"wp:featuredmedia":[{"embeddable":true,"href":"https:\/\/www.travelbymexico.com\/blog\/wp-json\/wp\/v2\/media\/10672"}],"wp:attachment":[{"href":"https:\/\/www.travelbymexico.com\/blog\/wp-json\/wp\/v2\/media?parent=10671"}],"wp:term":[{"taxonomy":"category","embeddable":true,"href":"https:\/\/www.travelbymexico.com\/blog\/wp-json\/wp\/v2\/categories?post=10671"},{"taxonomy":"post_tag","embeddable":true,"href":"https:\/\/www.travelbymexico.com\/blog\/wp-json\/wp\/v2\/tags?post=10671"}],"curies":[{"name":"wp","href":"https:\/\/api.w.org\/{rel}","templated":true}]}}