{"id":10542,"date":"2011-12-02T23:31:27","date_gmt":"2011-12-03T05:31:27","guid":{"rendered":"http:\/\/www.travelbymexico.com\/blog\/?p=10542"},"modified":"2011-12-02T23:35:25","modified_gmt":"2011-12-03T05:35:25","slug":"conciertos-de-navidad-en-la-unam-y-el-auditorio-nacional","status":"publish","type":"post","link":"https:\/\/www.travelbymexico.com\/blog\/10542-conciertos-de-navidad-en-la-unam-y-el-auditorio-nacional\/","title":{"rendered":"Conciertos de Navidad en la UNAM y el Auditorio Nacional"},"content":{"rendered":"<h2>La Orquesta Sinf\u00f3nica de Miner\u00eda ofrecer\u00e1 su concierto navide\u00f1o en dos recintos culturales de la ciudad de M\u00e9xico, bajo la direcci\u00f3n de Carlos Miguel Prieto y la batuta del Maestro Jos\u00e9 Are\u00e1n. El primero tendr\u00e1 lugar el 11 de diciembre en el Auditorio Nacional y el segundo el 18 de diciembre en la Sala Nezahualc\u00f3yotl de la Universidad Aut\u00f3noma de M\u00e9xico, lo recaudado en este \u00faltimo se destinar\u00e1 a los programas que apoya la Fundaci\u00f3n UNAM.<\/h2>\n<h3>Programa del Concierto de Navidad &#8211; Orquesta Sinf\u00f3nica de Miner\u00eda<\/h3>\n<p><strong>Orquesta Sinf\u00f3nica de Miner\u00eda dirigida por el Maestro Jos\u00e9 Are\u00e1n \u00a0<\/strong><\/p>\n<p><em>V\u00edctor Luna, Tenor<\/em><br \/>\n<em>Grupo Coral C\u00e1ritas. Director: Carlos Alberto V\u00e1zquez. <\/em><br \/>\n<em>Coro Convivum Musicum. Director: V\u00edctor Luna. <\/em><br \/>\n<em>Coro de la Facultad de Ciencias. Director: Eduardo Hern\u00e1ndez. <\/em><br \/>\n<em>Coro de la Facultad de Filosof\u00eda y Letras. Director: Enrique Galindo. <\/em><br \/>\n<em>Coral Ars Lovialis de la Facultad de Ingenier\u00eda. Director: Oscar Herrera. <\/em><br \/>\n<em>Damas del Coro ProM\u00fasica. Director: Samuel Pascoe. <\/em><br \/>\n<em>Coordinador de coros: \u00d3scar Herrera. <\/em><\/p>\n<p><em>Festival de Navidad &#8211; Leroy Anderson <\/em><br \/>\n<em>El Ni\u00f1o del Tambor &#8211; Katherine K. Davis <\/em><br \/>\n<em>Alegres Pastorcillos &#8211; Miguel Bernal Jim\u00e9nez <\/em><br \/>\n<em>Pueri Concinite &#8211; Johann F.von Herbeck <\/em><br \/>\n<em>Popurr\u00ed de villancicos tradicionales &#8211; Gerardo Meza <\/em><br \/>\n<em>Navidad Guadalupana\u00a0 &#8211; Miguel Prado\u00a0 <\/em><em><\/em><\/p>\n<p><em>Suite de El Cascanueces &#8211; Pyotr I. Tchaikovsky: <\/em><em>Obertura miniatura <\/em>\/ <em>Danza del hada de az\u00facar<\/em> \/ <em>Danza rusa <\/em>\/<br \/>\n<em>Vals de las flores.<\/em><em> <\/em><\/p>\n<p><em>Cantique de N\u00f6el &#8211; Adolphe Adam <\/em><br \/>\n<em>Adeste Fideles &#8211; John Francis Wade <\/em><br \/>\n<em>O Tannenbaum &#8211; Tradicional alem\u00e1n <\/em><br \/>\n<em>Viaje en Trineo &#8211; Leroy Anderson <\/em><br \/>\n<em>Noche de Paz &#8211; Franz Xaver Gruber <\/em><br \/>\n<em>Posada Mexicana &#8211; Miguel Bernal Jim\u00e9nez\/Gerardo Meza <\/em><br \/>\n<em>Aleluya, de El Mes\u00edas &#8211; George Frideric Haendel. (Georg Friedrich H\u00e4ndel). <\/em><\/p>\n<h3>La Orquesta Sinf\u00f3nica de Miner\u00eda<\/h3>\n<p>Para conocer los or\u00edgenes de la Orquesta Sinf\u00f3nica de Miner\u00eda, es necesario remontar a principios del siglo XVIII y dirigirnos hacia la sede del entonces Colegio Nacional de Miner\u00eda, ahora Facultad de Ingenier\u00eda de la UNAM : el Palacio de Miner\u00eda, un hermoso edificio neocl\u00e1sico situado en la ciudad de M\u00e9xico, \u00a0obra maestra del arquitecto y escultor espa\u00f1ol Manuel Tols\u00e1.<\/p>\n<p>La Orquesta del Colegio de Minas era renombrada por la calidad de su repertorio de &#8220;M\u00fasica Culta&#8221; que divulgaba con frecuencia a los m\u00fasicos y p\u00fablico interesado a trav\u00e9s de conciertos denominados &#8220;academias&#8221;, mediante esas reuniones musicales la orquesta continuaba con una tradici\u00f3n ya antigua en M\u00e9xico que, desafortunadamente, se perdi\u00f3 en el siglo XIX.<\/p>\n<p>En 1978, con el prop\u00f3sito de rescatar y retomar esta tradici\u00f3n, \u00a0fomentar la cultura musical de sus claustros, de la sociedad mexicana, y de que el Palacio de Miner\u00eda vuelva a ser el centro musical m\u00e1s importante de M\u00e9xico, ingenieros de la Facultad de Ingenier\u00eda de la UNAM crearon la &#8220;<strong>Academia de M\u00fasica del Palacio de Miner\u00eda<\/strong>&#8221; y naci\u00f3 el mismo a\u00f1o la <strong>Orquesta Sinf\u00f3nica de Miner\u00eda fundada por<\/strong> <strong>Jorge Velazco<\/strong> (Director Titular de la Orquesta Sinf\u00f3nica de Miner\u00eda, Orquesta Sinf\u00f3nica de Louisiana y de Huntsville y ex Director Asociado de la Sinf\u00f3nica de Houston y ex director art\u00edstico de la Orquesta Filarm\u00f3nica de la U.N.A.M).<\/p>\n<h3>Concierto de Navidad 2011 en el Auditorio Nacional:<\/h3>\n<p><span style=\"text-decoration: underline;\"><strong>Domingo 11 de Diciembre de 2011 a las 18:00 horas<\/strong><\/span><\/p>\n<p>Boletos: Preferente $ 500 pesos. Luneta $ 400 pesos. Balc\u00f3n $ 300 pesos. Primer piso $200 pesos. Segundo piso $ 100 pesos.<br \/>\n<a title=\"Auditorio Nacional de la Ciudad de M\u00e9xico\" href=\"http:\/\/www.auditorio.com.mx\/comunidad.php?evtid=362 \" target=\"_blank\">Direcci\u00f3n<\/a>: Paseo de la Reforma No.50, Chapultepec. M\u00e9xico D.F.<\/p>\n<h3>Concierto de Navidad 2011 en la Sala Nezahualc\u00f3yotl<\/h3>\n<p><span style=\"text-decoration: underline;\"><strong>Domingo 18 de Diciembre de 2011 a las 18:00 horas.<\/strong><\/span><strong> \u00a0<\/strong><\/p>\n<p>Fundaci\u00f3n UNAM con el apoyo de la Orquesta Sinf\u00f3nica de Miner\u00eda<\/p>\n<p><strong>Informes y Boletos<\/strong>: Fundaci\u00f3n UNAM. Pensylvania No. 203, Col. N\u00e1poles, M\u00e9xico D.F. 53 400 904.<br \/>\nPrimer piso: $ 350 pesos. Coro y Orquesta: $ 250 pesos. Segundo piso: $ 150 pesos.<br \/>\n<strong>Descuentos<\/strong>: 50% de descuento para Asociados y comunidad universitaria.<\/p>\n<p><a title=\"Informaci\u00f3n sobre la Sala Nezahualc\u00f3yotl, sitio de la UNAM\" href=\"http:\/\/www.musica.unam.mx\/index.php?Itemid=17&amp;id=8&amp;option=com_content&amp;task=view\" target=\"_blank\">Sala Nezahualc\u00f3yotl<\/a>: Centro Cultural Universitario. Insurgentes Sur No.3000. Ciudad Universitaria. Delegaci\u00f3n Coyoac\u00e1n. M\u00e9xico D.F.<\/p>\n<h3><span style=\"text-decoration: underline;\">Enlaces de inter\u00e9s:<\/span><\/h3>\n<p><strong><a title=\"22 de septiembre de 2010: la UNAM festeja su centenario\" href=\"http:\/\/www.travelbymexico.com\/blog\/4833-la-unam-festeja-su-centenario\/\" target=\"_blank\">22 de Septiembre de 2010: La UNAM festeja su centenario<\/a><\/strong><\/p>\n<p><strong><a title=\"Web oficial de la Orquesta Sinf\u00f3nica de Miner\u00eda\" href=\"http:\/\/mineria.org.mx\/\" target=\"_blank\">Sitio oficial de la Orquesta Sinf\u00f3nica de Miner\u00eda<\/a> <\/strong><\/p>\n<p><strong><a title=\"Fundaci\u00f3n UNAM\" href=\"http:\/\/www.fundacionunam.org.mx\" target=\"_blank\">Fundaci\u00f3n UNAM<\/a><\/strong><\/p>\n<p><strong><a title=\"Reserva un hotel en la ciudad de M\u00e9xico\" href=\"http:\/\/www.travelbymexico.com\/ciudaddemexico\/hoteles\" target=\"_blank\">Reserva un Hotel en la Ciudad de M\u00e9xico<\/a> <\/strong><\/p>\n<p><strong><a title=\"Atractivos tur\u00edsticos en la ciudad de M\u00e9xico y alrededores\" href=\"http:\/\/www.travelbymexico.com\/ciudaddemexico\/atractivos\" target=\"_blank\">Atractivos tur\u00edsticos en M\u00e9xico y alrededores <\/a><\/strong><\/p>\n<p><strong><a title=\"Mapa interactivo de la ciudad de M\u00e9xico\" href=\"http:\/\/www.travelbymexico.com\/ciudaddemexico\/mapa\" target=\"_blank\">Mapa interactivo de la ciudad de M\u00e9xico<\/a><\/strong><\/p>\n","protected":false},"excerpt":{"rendered":"<p>La Orquesta Sinf\u00f3nica de Miner\u00eda ofrecer\u00e1 su concierto navide\u00f1o en dos recintos culturales de la ciudad de M\u00e9xico, bajo la<\/p>\n","protected":false},"author":2,"featured_media":10543,"comment_status":"closed","ping_status":"open","sticky":false,"template":"","format":"standard","meta":[],"categories":[36],"tags":[114,318,360,2223,430,899,2222,2221,1236],"_links":{"self":[{"href":"https:\/\/www.travelbymexico.com\/blog\/wp-json\/wp\/v2\/posts\/10542"}],"collection":[{"href":"https:\/\/www.travelbymexico.com\/blog\/wp-json\/wp\/v2\/posts"}],"about":[{"href":"https:\/\/www.travelbymexico.com\/blog\/wp-json\/wp\/v2\/types\/post"}],"author":[{"embeddable":true,"href":"https:\/\/www.travelbymexico.com\/blog\/wp-json\/wp\/v2\/users\/2"}],"replies":[{"embeddable":true,"href":"https:\/\/www.travelbymexico.com\/blog\/wp-json\/wp\/v2\/comments?post=10542"}],"version-history":[{"count":3,"href":"https:\/\/www.travelbymexico.com\/blog\/wp-json\/wp\/v2\/posts\/10542\/revisions"}],"predecessor-version":[{"id":10545,"href":"https:\/\/www.travelbymexico.com\/blog\/wp-json\/wp\/v2\/posts\/10542\/revisions\/10545"}],"wp:featuredmedia":[{"embeddable":true,"href":"https:\/\/www.travelbymexico.com\/blog\/wp-json\/wp\/v2\/media\/10543"}],"wp:attachment":[{"href":"https:\/\/www.travelbymexico.com\/blog\/wp-json\/wp\/v2\/media?parent=10542"}],"wp:term":[{"taxonomy":"category","embeddable":true,"href":"https:\/\/www.travelbymexico.com\/blog\/wp-json\/wp\/v2\/categories?post=10542"},{"taxonomy":"post_tag","embeddable":true,"href":"https:\/\/www.travelbymexico.com\/blog\/wp-json\/wp\/v2\/tags?post=10542"}],"curies":[{"name":"wp","href":"https:\/\/api.w.org\/{rel}","templated":true}]}}