{"id":10508,"date":"2011-11-25T22:36:38","date_gmt":"2011-11-26T04:36:38","guid":{"rendered":"http:\/\/www.travelbymexico.com\/blog\/?p=10508"},"modified":"2011-11-25T22:36:38","modified_gmt":"2011-11-26T04:36:38","slug":"exposicion-fotografica-de-diego-rivera-y-frida-kahlo-en-la-alianza-francesa","status":"publish","type":"post","link":"https:\/\/www.travelbymexico.com\/blog\/10508-exposicion-fotografica-de-diego-rivera-y-frida-kahlo-en-la-alianza-francesa\/","title":{"rendered":"Exposici\u00f3n fotogr\u00e1fica de Diego Rivera y Frida Kahlo en la Alianza Francesa"},"content":{"rendered":"<h2>El Consejo Nacional para la Cultura y las Artes (CONACULTA) y el Instituto Nacional de Bellas Artes, a trav\u00e9s del Museo Casa Estudio Diego Rivera y Frida Kahlo y la Alianza Francesa de M\u00e9xico, presentan la exposici\u00f3n fotogr\u00e1fica: Diego y Frida, una sonrisa a mitad de camino.<\/h2>\n<p>Para conmemorar el 54 aniversario luctuoso del muralista mexicano, as\u00ed como los 125 a\u00f1os de su nacimiento, el <a title=\"Rese\u00f1a sobre le Museo Casa Estudio Diego Rivera y Frida Kahlo\" href=\"http:\/\/www.travelbymexico.com\/blog\/8588-museo-casa-estudio-diego-rivera\/\" target=\"_blank\">Museo Casa Estudio Diego Rivera y Frida Kahlo<\/a> comparte una parte de su acervo fotogr\u00e1fico con otros recintos, .<\/p>\n<p>Esta muestra fotogr\u00e1fica que re\u00fane a un total de<strong> 70 im\u00e1genes capturadas<\/strong>, en su gran mayor\u00eda, por reconocidos<strong> fot\u00f3grafos y amigos de la pareja<\/strong>,\u00a0 nos ofrece una visi\u00f3n intimista de la pareja m\u00e1s pol\u00e9mica en la historia del \u00e1mbito art\u00edstico en M\u00e9xico.<\/p>\n<p>\u202aAmor y desamor, separaciones y reencuentros, sufrimiento y felicidad. Tal vez fuera su &#8220;normalidad&#8221; como seres humanos atormentados y apasionados; lo cierto es que dichas caracter\u00edsticas fascinaron a sus contempor\u00e1neos y lo siguen haciendo en la actualidad. Que una pareja de reconocidos y talentosos artistas pudiera padecer de males terrenales. \u202c<\/p>\n<p>\u202aPero, una cosa segura es que a pesar de su tortuosa relaci\u00f3n, cuando se tratara de talento y audacia, las mentes de estos dos seres converg\u00edan, y que sin su indiscutible complicidad no hubieran compartido \u00a025 a\u00f1os de su vida juntos.\u202c<\/p>\n<h3>Exhibici\u00f3n itinerante en Polanco y San \u00c1ngel Inn<\/h3>\n<p><strong>Alianza Francesa Centro Polanco &#8211; M\u00e9xico \u00a0<\/strong><\/p>\n<p><span style=\"text-decoration: underline;\"><strong>Del 24 de noviembre de 2011 hasta el 2 de febrero de 2012.\u00a0<\/strong><\/span> <em><\/em><\/p>\n<p><em>Direcci\u00f3n: S\u00f3crates 156, esq. Homero, Col Polanco, M\u00e9xico D.F.<\/em><\/p>\n<p><strong>Alianza Francesa Centro San \u00c1ngel &#8211; M\u00e9xico<\/strong><\/p>\n<p><span style=\"text-decoration: underline;\"><strong>Del 17 de febrero al 19 de marzo de 2012<\/strong>\u00a0<\/span><\/p>\n<p><em>Direcci\u00f3n: Plaza San Luis Potos\u00ed No.26, Col. San\u00a0 \u00c1ngel Inn. Del. Alvaro Obreg\u00f3n. M\u00e9xico D.F.<\/em><\/p>\n<h3>Enlaces de inter\u00e9s:<\/h3>\n<p><strong><a title=\"Rese\u00f1a sobre le Museo Casa Estudio Diego Rivera y Frida Kahlo\" href=\"http:\/\/www.travelbymexico.com\/blog\/8588-museo-casa-estudio-diego-rivera\/\" target=\"_blank\">El Museo Casa Estudio Diego Rivera y Frida Kahlo<\/a><\/strong><\/p>\n<p><strong><a title=\"Exposici\u00f3n Diego y Frida, una sonrisa a mitad del camino. Alianza Francesa Centro Polanco\" href=\"http:\/\/www.alianzafrancesademexico.org.mx\/page.php?id_page=4&amp;id_event=503&amp;id_page=4 \" target=\"_blank\">Alianza Francesa de Polanco presenta &#8220;Diego y Frida, una sonrisa a mitad de camino.&#8221;<\/a> <\/strong><\/p>\n<p><strong><a title=\"Atractivos tur\u00edsticos en la ciudad de M\u00e9xico\" href=\"http:\/\/www.travelbymexico.com\/ciudaddemexico\/atractivos\" target=\"_blank\">Atractivos Tur\u00edsticos en la ciudad de M\u00e9xico y alrededores <\/a><\/strong><\/p>\n<p><strong><a title=\"Reserva un hotel en la ciudad de M\u00e9xico\" href=\"http:\/\/www.travelbymexico.com\/ciudaddemexico\/hoteles\" target=\"_blank\">Hoteles en la ciudad de M\u00e9xico <\/a><\/strong><\/p>\n","protected":false},"excerpt":{"rendered":"<p>El Consejo Nacional para la Cultura y las Artes (CONACULTA) y el Instituto Nacional de Bellas Artes, a trav\u00e9s del<\/p>\n","protected":false},"author":2,"featured_media":10509,"comment_status":"closed","ping_status":"open","sticky":false,"template":"","format":"standard","meta":[],"categories":[9,912],"tags":[1519,357,416,508,1497,664,1568],"_links":{"self":[{"href":"https:\/\/www.travelbymexico.com\/blog\/wp-json\/wp\/v2\/posts\/10508"}],"collection":[{"href":"https:\/\/www.travelbymexico.com\/blog\/wp-json\/wp\/v2\/posts"}],"about":[{"href":"https:\/\/www.travelbymexico.com\/blog\/wp-json\/wp\/v2\/types\/post"}],"author":[{"embeddable":true,"href":"https:\/\/www.travelbymexico.com\/blog\/wp-json\/wp\/v2\/users\/2"}],"replies":[{"embeddable":true,"href":"https:\/\/www.travelbymexico.com\/blog\/wp-json\/wp\/v2\/comments?post=10508"}],"version-history":[{"count":1,"href":"https:\/\/www.travelbymexico.com\/blog\/wp-json\/wp\/v2\/posts\/10508\/revisions"}],"predecessor-version":[{"id":10510,"href":"https:\/\/www.travelbymexico.com\/blog\/wp-json\/wp\/v2\/posts\/10508\/revisions\/10510"}],"wp:featuredmedia":[{"embeddable":true,"href":"https:\/\/www.travelbymexico.com\/blog\/wp-json\/wp\/v2\/media\/10509"}],"wp:attachment":[{"href":"https:\/\/www.travelbymexico.com\/blog\/wp-json\/wp\/v2\/media?parent=10508"}],"wp:term":[{"taxonomy":"category","embeddable":true,"href":"https:\/\/www.travelbymexico.com\/blog\/wp-json\/wp\/v2\/categories?post=10508"},{"taxonomy":"post_tag","embeddable":true,"href":"https:\/\/www.travelbymexico.com\/blog\/wp-json\/wp\/v2\/tags?post=10508"}],"curies":[{"name":"wp","href":"https:\/\/api.w.org\/{rel}","templated":true}]}}