{"id":10474,"date":"2011-11-22T20:41:37","date_gmt":"2011-11-23T02:41:37","guid":{"rendered":"http:\/\/www.travelbymexico.com\/blog\/?p=10474"},"modified":"2011-11-22T20:41:37","modified_gmt":"2011-11-23T02:41:37","slug":"los-mayas-y-las-concepciones-del-tiempo-exposicion-y-mesa-redonda","status":"publish","type":"post","link":"https:\/\/www.travelbymexico.com\/blog\/10474-los-mayas-y-las-concepciones-del-tiempo-exposicion-y-mesa-redonda\/","title":{"rendered":"Los Mayas y las concepciones del tiempo: Exposici\u00f3n y Mesa Redonda"},"content":{"rendered":"<h2>Del 27 de noviembre al 2 de diciembre del presente a\u00f1o, expertos de la cultura Maya,\u00a0 nacionales y extranjeros, se reunir\u00e1n en la Ciudad de Palenque, Chiapas, para asistir a la &#8220;VII Mesa Redonda Palenque&#8221; cuyo tema principal ser\u00e1: &#8220;Los mayas y las concepciones del tiempo&#8221;. Debatir\u00e1n sobre el complejo manejo cronol\u00f3gico que alcanz\u00f3 la cultura Maya para el ordenamiento de los sucesos y analizar\u00e1n &#8220;Las profec\u00edas mayas 2012&#8221;, relacionadas con la conmemoraci\u00f3n del fin de una era en el calendario maya.<\/h2>\n<p><em>&#8220;La civilizaci\u00f3n maya puede considerarse entre las m\u00e1s avanzadas del mundo antiguo debido a que logr\u00f3 el uso de una abstracci\u00f3n: el cero, que le permiti\u00f3 contar de modo infinito. Cabe mencionar que el sistema de numeraci\u00f3n indoar\u00e1biga se conocer\u00eda en Europa hasta la Edad Media, hacia 1200 d.C., cuando siete siglos antes los mayas dominaban ya la noci\u00f3n del cero.\u00a0 <\/em><\/p>\n<p><em>Este adelanto para la medici\u00f3n del espacio-tiempo, resultado del rigor de la observaci\u00f3n astron\u00f3mica por un grupo de sabios, le permiti\u00f3 a esa cultura prehisp\u00e1nica predecir los acontecimientos de la vida terrestre y del inframundo, planos que seg\u00fan la cosmogon\u00eda maya eran afectados por los fen\u00f3menos celestes.&#8221;<\/em><\/p>\n<p>60 expertos mayistas de 12 pa\u00edses, principalmente de M\u00e9xico, Guatemala, Estados Unidos, Espa\u00f1a y Alemania, discutir\u00e1n <strong>desde las perspectivas de la arqueolog\u00eda, la epigraf\u00eda, la restauraci\u00f3n arqueol\u00f3gica, la arqueoastronom\u00eda, la etnohistoria y la antropolog\u00eda<\/strong>, las nociones que los <strong>mayas del periodo Cl\u00e1sico<\/strong> (250-900 d.C.) utilizaron para ordenar en secuencias los sucesos, y la continuidad de este conocimiento durante la Colonia y en la \u00e9poca moderna.<\/p>\n<p>Organizado por el Instituto Nacional de Antropolog\u00eda e Historia (INAH-Conaculta), este encuentro acad\u00e9mico incluir\u00e1\u00a0 m\u00e1s de 40 ponencias divididas en <strong>cinco sesiones<\/strong>, as\u00ed como una <strong>sesi\u00f3n especial sobre el supuesto fin del mundo, teor\u00eda inspirada en &#8220;Las profec\u00edas mayas 2012&#8221;<\/strong>:<\/p>\n<p>&#8211; El tiempo de los mayas desde la investigaci\u00f3n arqueol\u00f3gica: procesos culturales y temporalidad.<br \/>\n&#8211; La concepci\u00f3n del tiempo entre los mayas precolombinos, coloniales y modernos.<br \/>\n&#8211; La concepci\u00f3n hist\u00f3rica del tiempo entre los mayas desde las fuentes coloniales.<br \/>\n&#8211; La concepci\u00f3n hist\u00f3rica del tiempo entre los mayas, una perspectiva contempor\u00e1nea.<br \/>\n&#8211; La concepci\u00f3n y el c\u00f3mputo del tiempo entre los mayas. Calendarios, astronom\u00eda, correlaciones.<\/p>\n<h3>Entrega de premios, presentaci\u00f3n de publicaciones e inauguraci\u00f3n de una exposition:<\/h3>\n<p>Las actividades del foro acad\u00e9mico finalizar\u00e1n con la entrega del <strong>&#8220;Premio Palenque&#8221;<\/strong> a los mejores ensayos presentados por investigadores menores de 35 a\u00f1os de edad.<\/p>\n<p>Como parte del programa de la VII Mesa Redonda de Palenque se presentar\u00e1 la publicaci\u00f3n <strong>&#8220;Chilam Balam de Ixil<\/strong>&#8220;, de Laura Caso; y la <strong>&#8220;Gu\u00eda de arquitectura y paisajes mayas&#8221;<\/strong>, editada por la UNAM y la Junta de Andaluc\u00eda, Espa\u00f1a.<\/p>\n<h3>Inauguraci\u00f3n en Palenque de la Exposici\u00f3n &#8220;Los Mayas y el Tiempo&#8221;<\/h3>\n<p>En el marco de esta mesa redonda y bajo la curadur\u00eda del doctor Guillermo Bernal, ser\u00e1 inaugurada en el <strong>Museo de Sitio de Palenque &#8220;Alberto Ruz Lhuillier&#8221;<\/strong> la exposici\u00f3n temporal: &#8220;Los mayas y el tiempo&#8221;, integrada por textos gl\u00edficos y materiales arqueol\u00f3gicos descubiertos en Palenque, que ilustran el complejo c\u00famulo de creencias y concepciones que los antiguos mayas tejieron en torno a las dimensiones temporales.<\/p>\n<h3>Enlaces de Inter\u00e9s:<\/h3>\n<p><a title=\"Archivo PDF sobre C\u00f3mo efectuar c\u00e1lculos con n\u00fameros Mayas\" href=\"http:\/\/www.google.com.mx\/url?sa=t&amp;rct=j&amp;q=cifras%20mayas&amp;source=web&amp;cd=1&amp;ved=0CBoQFjAA&amp;url=http%3A%2F%2Flocalhs.com%2Fpdf%2Fspanish_mayan_math.pdf&amp;ei=M0zMTt3UKuX2sQLJrPXDDg&amp;usg=AFQjCNG-SVhdTFFWv5s-dAWAq5Kj36bvwg&amp;cad=rja\" target=\"_blank\">\u00bfC\u00f3mo efectuar c\u00e1lculos con N\u00fameros Mayas?<\/a><\/p>\n<p><a title=\"Art\u00edculo acerca de la Zona Arqueol\u00f3gica de Palenque. Blog de Travelbymexico\" href=\"http:\/\/www.travelbymexico.com\/blog\/5239-zona-arqueologica-de-palenque\/\" target=\"_blank\">Zona Arqueol\u00f3gica de Palenque<\/a><\/p>\n","protected":false},"excerpt":{"rendered":"<p>Del 27 de noviembre al 2 de diciembre del presente a\u00f1o, expertos de la cultura Maya,\u00a0 nacionales y extranjeros, se<\/p>\n","protected":false},"author":2,"featured_media":10475,"comment_status":"closed","ping_status":"open","sticky":false,"template":"","format":"standard","meta":[],"categories":[4],"tags":[2186,69,2187,656,801,816,851,2188,938,2185],"_links":{"self":[{"href":"https:\/\/www.travelbymexico.com\/blog\/wp-json\/wp\/v2\/posts\/10474"}],"collection":[{"href":"https:\/\/www.travelbymexico.com\/blog\/wp-json\/wp\/v2\/posts"}],"about":[{"href":"https:\/\/www.travelbymexico.com\/blog\/wp-json\/wp\/v2\/types\/post"}],"author":[{"embeddable":true,"href":"https:\/\/www.travelbymexico.com\/blog\/wp-json\/wp\/v2\/users\/2"}],"replies":[{"embeddable":true,"href":"https:\/\/www.travelbymexico.com\/blog\/wp-json\/wp\/v2\/comments?post=10474"}],"version-history":[{"count":2,"href":"https:\/\/www.travelbymexico.com\/blog\/wp-json\/wp\/v2\/posts\/10474\/revisions"}],"predecessor-version":[{"id":10477,"href":"https:\/\/www.travelbymexico.com\/blog\/wp-json\/wp\/v2\/posts\/10474\/revisions\/10477"}],"wp:featuredmedia":[{"embeddable":true,"href":"https:\/\/www.travelbymexico.com\/blog\/wp-json\/wp\/v2\/media\/10475"}],"wp:attachment":[{"href":"https:\/\/www.travelbymexico.com\/blog\/wp-json\/wp\/v2\/media?parent=10474"}],"wp:term":[{"taxonomy":"category","embeddable":true,"href":"https:\/\/www.travelbymexico.com\/blog\/wp-json\/wp\/v2\/categories?post=10474"},{"taxonomy":"post_tag","embeddable":true,"href":"https:\/\/www.travelbymexico.com\/blog\/wp-json\/wp\/v2\/tags?post=10474"}],"curies":[{"name":"wp","href":"https:\/\/api.w.org\/{rel}","templated":true}]}}