{"id":10328,"date":"2011-10-25T10:12:09","date_gmt":"2011-10-25T15:12:09","guid":{"rendered":"http:\/\/www.travelbymexico.com\/blog\/?p=10328"},"modified":"2011-10-19T20:29:08","modified_gmt":"2011-10-20T01:29:08","slug":"primer-festival-del%c2%a0dia-de-muertos-2011-en-cancun","status":"publish","type":"post","link":"https:\/\/www.travelbymexico.com\/blog\/10328-primer-festival-del%c2%a0dia-de-muertos-2011-en-cancun\/","title":{"rendered":"Primer Festival del\u00a0D\u00eda de Muertos 2011 en Canc\u00fan"},"content":{"rendered":"<h2>La primera edici\u00f3n de este festival se dar\u00e1 fecha del pr\u00f3ximo 28 de Octubre al 2 de Noviembre y tendr\u00e1 como sedes la Plaza de la Reforma, el Parque de la Palapas y la Casa de la Cultura de la ciudad de <a title=\"Gu\u00eda Tur\u00edstica de la Ciudad de Canc\u00fan\" href=\"http:\/\/www.travelbymexico.com\/cancun\" target=\"_blank\">Canc\u00fan<\/a>.<\/h2>\n<p>El <strong><a title=\"Tradici\u00f3n del D\u00eda de Muertos en M\u00e9xico\" href=\"http:\/\/www.travelbymexico.com\/blog\/4940-dia-de-muertos-en-mexico\" target=\"_blank\">D\u00eda de Muertos<\/a><\/strong> o &#8220;<strong>Hanal Pixan<\/strong>&#8221; es una festividad ancestral que los antiguos mayas practicaban en la regi\u00f3n suroeste de M\u00e9xico. Esta creencia se basa en que del 31 de Octubre al 2 de Noviembre las almas de los difuntos transitan por la tierra de los vivos para disfrutar de la comida, bebida y la m\u00fasica.<\/p>\n<p><span style=\"text-decoration: underline;\">Dentro de las actividades de este Primer Festival de D\u00eda de Muertos en Canc\u00fan se contar\u00e1 con la participaci\u00f3n de:<\/span><\/p>\n<p>La Asociaci\u00f3n de Chiapanecos, la Asociaci\u00f3n de Oaxaque\u00f1os,\u00a0 la Academia de Danza Talulah, el Centro Cultural de Migrantes Ind\u00edgenas, la CDI, la Casa de la Cultura y artistas independientes.<\/p>\n<h3>El H. Ayuntamiento de Canc\u00fan invita al p\u00fablico en general a participar a las siguientes actividades:<\/h3>\n<p><em>Concurso y exposici\u00f3n de altares <\/em><br \/>\n<em>Muestras gastron\u00f3micas <\/em><br \/>\n<em>Exposiciones de artes visuales <\/em><br \/>\n<em>Artes esc\u00e9nicas (teatro, danza, canto, performance) <\/em><br \/>\n<em>Talleres artesanales <\/em><br \/>\n<em>Conferencias <\/em><br \/>\n<em>Instalaci\u00f3n &#8220;Mil velarias para nuestros difuntos&#8221; <\/em><br \/>\n<em>Concurso de calaveritas literarias <\/em><br \/>\n<em>Desfile de Catrinas <\/em><br \/>\n<em>Procesi\u00f3n de las \u00e1nimas <\/em><br \/>\n<em>Mitos y leyendas.\u00a0 <\/em><\/p>\n<p><em><span style=\"text-decoration: underline;\"><strong>Por:<\/strong><\/span> Karla Lisandra Cort\u00e9s Cisnero<\/em><\/p>\n<h3>Art\u00edculos relacionados:<\/h3>\n<p><strong><a title=\"D\u00eda de Muertos 2011 en el Barrio M\u00e1gico de San Andr\u00e9s Mixquic\" href=\"http:\/\/www.travelbymexico.com\/blog\/10324-dia-de-muertos-en-el-barrio-magico-de-san-andres-mixquic\" target=\"_blank\">D\u00eda de Muertos 2011 en el Barrio M\u00e1gico de San Andr\u00e9s Mixquic<\/a><\/strong><\/p>\n<p><strong><a title=\"La alegre celebraci\u00f3n del D\u00eda de Muertos en el Estado de Michoac\u00e1n\" href=\"http:\/\/www.travelbymexico.com\/blog\/10313-la-alegre-celebracion-del-dia-de-muertos-en-el-estado-de-michoacan\" target=\"_blank\">La alegre celebraci\u00f3n del D\u00eda de Muertos en el Estado de Michoac\u00e1n<\/a><\/strong><\/p>\n<p><strong>\u00a0<a title=\"Tradici\u00f3n del D\u00eda de Muertos en M\u00e9xico\" href=\"http:\/\/www.travelbymexico.com\/blog\/4940-dia-de-muertos-en-mexico\" target=\"_blank\">D\u00eda de Muertos en M\u00e9xico<\/a><\/strong><\/p>\n<p>&nbsp;<\/p>\n","protected":false},"excerpt":{"rendered":"<p>La primera edici\u00f3n de este festival se dar\u00e1 fecha del pr\u00f3ximo 28 de Octubre al 2 de Noviembre y tendr\u00e1<\/p>\n","protected":false},"author":2,"featured_media":10329,"comment_status":"closed","ping_status":"open","sticky":false,"template":"","format":"standard","meta":[],"categories":[37,14],"tags":[76,2124,407,410],"_links":{"self":[{"href":"https:\/\/www.travelbymexico.com\/blog\/wp-json\/wp\/v2\/posts\/10328"}],"collection":[{"href":"https:\/\/www.travelbymexico.com\/blog\/wp-json\/wp\/v2\/posts"}],"about":[{"href":"https:\/\/www.travelbymexico.com\/blog\/wp-json\/wp\/v2\/types\/post"}],"author":[{"embeddable":true,"href":"https:\/\/www.travelbymexico.com\/blog\/wp-json\/wp\/v2\/users\/2"}],"replies":[{"embeddable":true,"href":"https:\/\/www.travelbymexico.com\/blog\/wp-json\/wp\/v2\/comments?post=10328"}],"version-history":[{"count":7,"href":"https:\/\/www.travelbymexico.com\/blog\/wp-json\/wp\/v2\/posts\/10328\/revisions"}],"predecessor-version":[{"id":10331,"href":"https:\/\/www.travelbymexico.com\/blog\/wp-json\/wp\/v2\/posts\/10328\/revisions\/10331"}],"wp:featuredmedia":[{"embeddable":true,"href":"https:\/\/www.travelbymexico.com\/blog\/wp-json\/wp\/v2\/media\/10329"}],"wp:attachment":[{"href":"https:\/\/www.travelbymexico.com\/blog\/wp-json\/wp\/v2\/media?parent=10328"}],"wp:term":[{"taxonomy":"category","embeddable":true,"href":"https:\/\/www.travelbymexico.com\/blog\/wp-json\/wp\/v2\/categories?post=10328"},{"taxonomy":"post_tag","embeddable":true,"href":"https:\/\/www.travelbymexico.com\/blog\/wp-json\/wp\/v2\/tags?post=10328"}],"curies":[{"name":"wp","href":"https:\/\/api.w.org\/{rel}","templated":true}]}}