{"id":10099,"date":"2011-10-06T21:20:26","date_gmt":"2011-10-07T02:20:26","guid":{"rendered":"http:\/\/www.travelbymexico.com\/blog\/?p=10099"},"modified":"2011-10-06T21:26:53","modified_gmt":"2011-10-07T02:26:53","slug":"todos-los-eventos-de-las-fiestas-de-octubre-2011-en-guadalajara","status":"publish","type":"post","link":"https:\/\/www.travelbymexico.com\/blog\/10099-todos-los-eventos-de-las-fiestas-de-octubre-2011-en-guadalajara\/","title":{"rendered":"Todos los eventos de las Fiestas de Octubre 2011 en Guadalajara"},"content":{"rendered":"<h2>Las fiestas de octubre 2011, edici\u00f3n &#8220;Am\u00e9rica nos une en Guadalajara&#8221;, es un festival cultural que se realizar\u00e1 a partir del d\u00eda 7 de octubre hasta el 7 de noviembre en la ciudad de Guadalajara.\u00a0 Como parte de sus festejos, se llevar\u00e1n a cabo distintos espect\u00e1culos para todo el p\u00fablico, habr\u00e1 desde shows especialmente para ni\u00f1os, conciertos, presentaciones de danza y teatro como tambi\u00e9n habr\u00e1 exposiciones de artesan\u00edas regionales y muestras de cine internacional.<\/h2>\n<p>La edici\u00f3n 2011 de las tradicionales Fiestas de Octubre tiene por nombre &#8220;La Fiesta de Am\u00e9rica&#8221; en honor a los juegos Panamericanos que tendr\u00e1n lugar en el estado de Jalisco durante los meses de octubre y noviembre.<\/p>\n<h3>Atractivos de las Fiestas de Octubre 2011 en Guadalajara<\/h3>\n<p><strong>&#8220;Desfile inaugural de las Fiestas de Octubre&#8221;<\/strong>, es una tradicional anual de las fiestas en este recorrido se podr\u00e1 observar a distintas personalidades del mundo del espect\u00e1culo regional y nacional de pa\u00eds, en esta ocasi\u00f3n se tendr\u00e1 la presencia de varios deportistas que participaran en los Juegos Panamericanos. Este a\u00f1os el desfile se llevara a cabo el d\u00eda 9 de Octubre y se abrir\u00e1 paso por las principales avenidas del centro de la ciudad a partir de las 8:00 a.m.<\/p>\n<p><strong>&#8220;Mundo M\u00e1gico, Odisea por Am\u00e9rica&#8221;<\/strong>, exposici\u00f3n en la cual se representaran las costumbres de 21 pa\u00edses de Am\u00e9rica haciendo \u00e9nfasis en la uni\u00f3n de los pueblos a\u00a0 trav\u00e9s del deporte, por lo cual se expondr\u00e1n las disciplinas a competir en la justa deportiva panamericana.<\/p>\n<p><strong>&#8220;Pista de Hielo&#8221;<\/strong>, superficie helada en la cual los visitantes podr\u00e1n experimentar el patinaje sobre hielo, estar\u00e1 abierta al p\u00fablico todos los d\u00edas del celebraci\u00f3n en un horario de 10 de la ma\u00f1ana a 12 de la noche, con un costo de entrada de $15.00 pesos.<\/p>\n<p><strong>&#8220;Pabell\u00f3n Hecho en Jalisco&#8221;<\/strong>, espacio otorgado a los peque\u00f1os empresarios jaliscienses con la finalidad de promocionar y distribuir sus creaciones. Dentro del pabell\u00f3n se podr\u00e1n encontrar distintos productos como alimentos, artesan\u00edas, calzado, muebles y joyer\u00eda entre otros.<\/p>\n<p><strong>&#8220;Comidas Tradicionales&#8221;<\/strong>, secci\u00f3n dedicada al deleite del paladar, dentro de ella se encontrar\u00e1 todo tipo de antojitos y platillos mexicanos. Este a\u00f1o se estrena la nueva \u00e1rea dedicada exclusivamente al \u00e1rea de comida.<br \/>\n\u201cEl Patio Infantil\u201d para los m\u00e1s peque\u00f1os se ha creado una espacio especial para ellos, en el cual podr\u00e1n jugar y divertirse sin costo alguno.<\/p>\n<p><strong>&#8220;Juegos Mec\u00e1nicos&#8221;<\/strong>, esta \u00e1rea est\u00e1 dedicada a la diversi\u00f3n y el entretenimiento de sus visitantes, por lo cual ofrece precios asequibles y est\u00e1ndares de alta seguridad en cada uno de los juegos. Existe una amplia variedad de juegos, que van desde la tranquila rueda de la fortuna, hasta el extremo Spider.<\/p>\n<h3>Costos de entrada al Auditorio Benito Ju\u00e1rez y direcci\u00f3n:<\/h3>\n<p>Adultos $25.00 pesos, Ni\u00f1os $10.00 pesos.<br \/>\n<span style=\"text-decoration: underline;\">Direcci\u00f3n<\/span>: Av. Mariano Barcenas S\/N, Fracc. Auditorio, 45190, Zapopan, Jalisco.<\/p>\n<h3><a title=\"Conciertos Fiestas de Octubre 2011 en Guadalajara. En el Palenque y Auditorio Benito Ju\u00e1rez\" href=\"http:\/\/www.travelbymexico.com\/blog\/10105-cartelera-de-conciertos-fiestas-de-octubre-2011-en-guadalajara\/\" target=\"_blank\"><span style=\"text-decoration: underline;\">Calendarios de Conciertos en el Palenque y el Auditorio Benito Ju\u00e1rez<\/span><\/a><\/h3>\n<h3>Programa de Eventos de las Fiestas de Octubre 2011, Edici\u00f3n &#8220;Am\u00e9rica nos une en Guadalajara&#8221;<\/h3>\n<p>Eventos con entrada libre<\/p>\n<h3>S\u00e1bado 08 de Octubre 2011 &#8211; Inauguraci\u00f3n<\/h3>\n<p><strong>XXII Concurso Nacional de Labrado en Cantera<\/strong><br \/>\n<strong>XIV Edici\u00f3n Los Peque\u00f1os Artesanos<\/strong>. Del 08 de Octubre al 06 de Noviembre (S\u00e1bados y Domingos actividad de los peque\u00f1os artesanos), en coparticipaci\u00f3n con la Secretar\u00eda de Cultura.<\/p>\n<p><strong>VIII Encuentro de Arpas en Jalisco<\/strong> &#8211; Plaza de La Liberaci\u00f3n, 18:00 horas<\/p>\n<p><strong>XIX Edici\u00f3n &#8220;El Ni\u00f1o y La Danza&#8221;<\/strong><br \/>\n&#8220;El deporte&#8221;\u00a0&#8211;<em> Teatro Degollado<\/em>, 12:00 y 18:00 horas, participaci\u00f3n colectiva de la comunidad danc\u00edstica de Jalisco. Actuaci\u00f3n especial: Guillermo Hern\u00e1ndez y Deborah Vel\u00e1zquez<\/p>\n<p><strong>El M\u00e1s Mexicano de Los Mexicanos &#8220;Ruta De Villa&#8221;<\/strong>, Escuela de M\u00fasica Mexicana del Gobierno del Estado de Durango. Dir. Lilia Santaella Abud.<br \/>\n<strong>Mariachi Juvenil &#8211; Grupo Norte\u00f1o &#8211; Grupo Vocal &#8211; Danza Folcl\u00f3rica &#8211; Banda Sinaloense<\/strong>. <em>\u2028Plaza Fundadores, 19:00 horas.\u00a0<\/em><\/p>\n<p><!--nextpage--><\/p>\n<h3>Domingo 09 de Octubre 2011<\/h3>\n<p><strong>&#8220;El Dr. Chessani y sus Huapangueros del R\u00edo Verde&#8221;<\/strong> (San Luis Potos\u00ed). Plaza Fundadores, 18:30 horas<\/p>\n<h3>Lunes 10 de Octubre 2011<\/h3>\n<p><strong>&#8220;Orquesta T\u00edpica de Chapala&#8221;<\/strong>. Solistas invitados: Daniel Torres (Salterio) y William Faulkner (Arpa) USA.Dir. Javier Raygoza,\u00a0 Plaza Fundadores, 18:00 horas.<br \/>\n<strong>&#8220;Luis Manuel, el de la paloma&#8221;<\/strong> &#8211; Plaza Fundadores, 19:00 horas.<br \/>\n<strong>XII Entrega de la Presea &#8220;Pincel de Plata&#8221;<\/strong> al pintor Jorge Monroy.<br \/>\n<strong>Exposici\u00f3n homenaje &#8220;Pueblos y Paisajes de Jalisco&#8221;<\/strong>, del 10 al 30 de octubre. En coparticipaci\u00f3n con la Fundaci\u00f3n Jes\u00fas \u00c1lvarez del Castillo, A.C. Actuaci\u00f3n Especial: William Faulkner (Arpa) USA.<br \/>\n<em>Alianza Francesa de Guadalajara, 20:30 horas<\/em>.<\/p>\n<h3>Martes 11 de Octubre 2011<\/h3>\n<p><strong>William Faulkner (Arpa)<\/strong> USA, en coparticipaci\u00f3n con el H. Ayuntamiento de Tlaquepaque\u2028Presidencia Municipal de Tlaquepaque, 19:30 horas.<\/p>\n<h3>Mi\u00e9rcoles 12 de Octubre 2011<\/h3>\n<p><strong>&#8220;XV Festival de Folcl\u00f3r Expresi\u00f3n de Danza&#8221;<\/strong>, participaci\u00f3n colectiva de grupos jaliscienses. Coordinaci\u00f3n: Carolina Echavarri. Plaza Fundadores,\u00a0 17:00 horas.<br \/>\n<strong>&#8220;William Faulkner&#8221;<\/strong> (Arpa), USA, en coparticipaci\u00f3n con el H. Ayuntamiento de Tonal\u00e1. Parroquia de San Antonio de Padua, Puente Grande 19:00 horas.<br \/>\n<strong>Exposici\u00f3n Fotogr\u00e1fica &#8220;Vive tu fiesta&#8221;<\/strong>: Las mejores im\u00e1genes del Festival Cultural 2010, en el Centro Cultural Centenario (San Felipe No.730 Esquina Federalismo), a las 20:00 horas.<\/p>\n<h3>Jueves 13 de Octubre 2011<\/h3>\n<p>&#8220;Noche de Reggae&#8221;, con Kassiano de Jamaica. En coparticipaci\u00f3n con Real de Talpa Desarrollo Ecol\u00f3gico. Plaza Fundadores, 19:00 horas.<\/p>\n<h3>SAL\u00d3N DE OCTUBRE 2011<\/h3>\n<p>Concurso y muestra de obras de artistas pl\u00e1sticos jaliscienses (tema El Deporte). Inauguraci\u00f3n de seleccionados y ceremonia de entrega del primer lugar.<\/p>\n<p><strong>Exposici\u00f3n del 13 de octubre al 04 de diciembre\u00a0 <\/strong><\/p>\n<p>Actuaci\u00f3n especial: &#8220;Veracruz al Comp\u00e1s del Son&#8221;. Con Los Hermanos Carrillo,\u00a0destacados exponentes del &#8220;Son Jarocho&#8221; \u2028En coparticipaci\u00f3n con la Direcci\u00f3n de Artes Visuales de la Secretar\u00eda de Cultura. \u2028<em>Ex\u2013Convento del Carmen (Ju\u00e1rez 683, Zona Centro) 21:00 horas<\/em>.<\/p>\n<h3>Viernes 14 de Octubre 2011<\/h3>\n<p>&#8220;Veracruz al Comp\u00e1s del Son&#8221;. Con Los Hermanos Carrillo, destacados exponentes del &#8220;Son Jarocho&#8221;. Plaza Fundadores, 19:00 horas.<br \/>\n<strong>XVI Entrega de La Presea &#8220;Ave de Plata&#8221;<\/strong> al promotor y coleccionista de obra de artistas jaliscienses: Miguel Claudio Jim\u00e9nez Vizcarra.\u00a0 <strong><\/strong><\/p>\n<p><strong>Exposici\u00f3n Homenaje de la colecci\u00f3n &#8220;MCJV&#8221;<\/strong> (del 14 al 30 de octubre), actuaci\u00f3n especial: William Faulkner (Arpa) USA. Ex \u2013 Convento Del Carmen (Ju\u00e1rez 683, Zona Centro) 21:00 horas.<\/p>\n<p><!--nextpage--><\/p>\n<h3>S\u00e1bado 15 de Octubre 2011<\/h3>\n<p><strong>&#8220;William Faulkner (Arpa) USA y Daniel Torres (Salterio)&#8221;<\/strong>. Plaza Fundadores,\u00a0 18:00 horas.<br \/>\n<strong>&#8220;Makochi Dulcemelos&#8221;<\/strong> (Quer\u00e9taro), Orquesta Infantil de Salterios. Dir. Mtro. H\u00e9ctor Larios.<br \/>\nPlaza Fundadores, 19:00 horas.<\/p>\n<h3>Domingo 16 de Octubre 2011<\/h3>\n<p>&#8220;Estampas de M\u00e9xico&#8221; &#8211; <strong>Ballet Folcl\u00f3rico del TEC de Monterrey Campus Guadalajara.<\/strong> Dir. Juan Vila.<br \/>\nPlaza Fundadores, 18:00 horas.<br \/>\n<strong>Ballet Folkl\u00f3rico Yurecuaro M. I.<\/strong> (Michoac\u00e1n). Dir. Guadalupe Garc\u00eda L\u00f3pez. Plaza Fundadores, 19:00 horas.<\/p>\n<h3>Lunes 17 de Octubre 2011<\/h3>\n<p><strong>&#8220;Grupo Sabor de Anta\u00f1o&#8221;<\/strong> con Daniel Torres y su Salterio &#8211; Plaza Fundadores, 19:00 horas.<br \/>\n<strong>&#8220;Mi Guadalajara&#8221; en la voz de Mercedes Medina<\/strong> &#8211; Plaza Fundadores, 20:00 horas.<br \/>\n<strong>XI Entrega de La Presea &#8220;\u00c1guila de Plata&#8221;<\/strong> al promotor y artista pl\u00e1stico: Ricardo Duarte M\u00e9ndez.<br \/>\n<strong>Exposici\u00f3n Homenaje: &#8220;Tonal\u00e1, Tradici\u00f3n que se renueva&#8221;<\/strong>, (del 17 al 21 de octubre), Actuaci\u00f3n Especial: Expresi\u00f3n Mexicana <strong>&#8220;Grupo Agave&#8221;<\/strong>. Palacio Legislativo (Hidalgo 222, Zona Centro), 20:00 horas.<\/p>\n<h3>Martes 18 de Octubre 2011<\/h3>\n<p><strong>Ensamble de Percusiones Laya-Nadaamrit (India)<\/strong>, en coparticipaci\u00f3n con el <a title=\"Festival Internacional Cervantino 2011\" href=\"http:\/\/www.travelbymexico.com\/blog\/8127-festival-cervantino-2011-invitados-de-honor-y-concierto-inaugural\/\" target=\"_blank\">Festival Internacional Cervantino<\/a> y la Embajada de la India en M\u00e9xico. \u2028Plaza Fundadores,\u00a0 19:00 horas.<br \/>\nV Ciclo de M\u00fasica Antigua &#8220;500 A\u00f1os de M\u00fasica&#8221; El Arte Vocal: Ensamble vocal a capella &#8220;Magna Voce&#8221;. Templo de Aranzaz\u00fa, 20:00 horas.<\/p>\n<h3>Mi\u00e9rcoles 19 de Octubre 2011<\/h3>\n<p><strong>&#8220;Cuarta Edici\u00f3n Una Canita Al Aire&#8221;<\/strong>, (todos los ritmos para bailar). DJ Cesar Cos\u00edo. Plaza Fundadores, 18:00 horas.<\/p>\n<h3>Jueves 20 de Octubre 2011<\/h3>\n<p><strong>&#8220;Orquesta Mexicana de Tango&#8221;<\/strong>, Dir. Cesar Olgu\u00edn. Plaza Fundadores,\u00a0 19:00 horas\u00a0\u2028\u2028V Ciclo de M\u00fasica Antigua &#8220;500 A\u00f1os de M\u00fasica&#8221;: El Arte Vocal, Ensamble de M\u00fasica Antigua &#8220;Convivium musicum&#8221; y artistas invitados, En coparticipaci\u00f3n con el H. Ayuntamiento de Tlaquepaque.\u00a0 Parroquia de La Soledad (Tlaquepaque, Jal.) 20:00 horas\u00a0\u2028.<\/p>\n<p><strong>Conjunto Folcl\u00f3rico &#8220;Los Maipucitos&#8221; (Chile)<\/strong>, Dir. Carlos Reyes Hern\u00e1ndez\u2028En coparticipaci\u00f3n con el H. Ayuntamiento de Tlaquepaque.\u00a0 Jard\u00edn Hidalgo (Tlaquepaque, Jal.) 20:00 horas.<\/p>\n<h3>Viernes 21 de Octubre 2011<\/h3>\n<p><strong>M\u00fasica Fusi\u00f3n con &#8220;Luna Sureste&#8221;<\/strong>, Dir. Jos\u00e9 Arnulfo S\u00e1nchez. Plaza Fundadores, 18:00 horas.<br \/>\n<strong>&#8220;Son de Paz&#8221;\u2026 con Paco Padilla<\/strong>: hijo predilecto de Tlaquepaque\u00a0-Plaza Fundadores, 19:30 horas.<\/p>\n<h3>S\u00e1bado 22 de Octubre 2011<\/h3>\n<p><strong>Premio Rafael Zamarripa: XII Concurso Estatal de Danza Folcl\u00f3rica<\/strong>, Fiestas de Octubre \u2028&#8221;Sones y jarabes&#8221; &#8211; Plaza Fundadores, 17:00 horas.<\/p>\n<h3>Domingo 23 de Octubre 2011<\/h3>\n<p><strong>Premio Rafael Zamarripa XII Concurso Estatal de Danza Folcl\u00f3rica<\/strong> Fiestas de Octubre<br \/>\n&#8220;Danzas Tradicionales &#8211; Regi\u00f3n Jalisco&#8221;.<br \/>\nActuaci\u00f3n especial <strong>Grupo Folcl\u00f3rico &#8220;Vallarta Azteca&#8221;<\/strong>, premio Rafael Zamarripa 2007, Dir. Antonio Salcedo. \u00a0\u2028Plaza Fundadores, 17:00 horas.<\/p>\n<h3>Lunes 24 de Octubre 2011<\/h3>\n<p><strong>&#8220;Las Inmortales<\/strong>&#8221; Mujeres Latinoamericanas, en la voz de: Carmina Cannavino (Per\u00fa). Plaza Fundadores,\u00a0 19:00 horas.<\/p>\n<p>V Ciclo de M\u00fasica Antigua &#8220;500 A\u00f1os de M\u00fasica&#8221; El Arte Vocal. <strong>Orquesta de C\u00e1mara de la Universidad Aut\u00f3noma de Guadalajara<\/strong>, Dir. Gamaliel Cano C.\u00a0\u2028Templo de La Merced, 20:00 horas.<\/p>\n<p><!--nextpage--><\/p>\n<h3>Martes 25 de Octubre 2011<\/h3>\n<p><strong>&#8220;Ensamble de \u00d3pera De Pek\u00edn&#8221;<\/strong> (China). En coparticipaci\u00f3n con el Festival Internacional Cervantino.<br \/>\nPlaza Fundadores, 19:00 horas.<br \/>\n<strong>&#8220;XXX A\u00f1os de Cantar a M\u00e9xico<\/strong>&#8220;: &#8220;Misa Criolla&#8221;, de Ariel Ram\u00edrez (Argentina) &#8211; <strong>&#8220;Coro Del Estado&#8221;<\/strong>, Dir. Sergio Hern\u00e1ndez &#8211; Grupo Andino Karaya (Invitado). Templo Santa M\u00f3nica, 20:30 horas.<\/p>\n<h3>Mi\u00e9rcoles 26 de Octubre 2011<\/h3>\n<p><strong>&#8220;A Piel de Tango&#8221;<\/strong>. En la voz de Valentina (Uruguay)\u2028Plaza Fundadores,\u00a0 19:00 horas. \u2028Conjunto Folcl\u00f3rico &#8220;Los Maipucitos&#8221; (Chile). Dir. Carlos Reyes Hern\u00e1ndez. En coparticipaci\u00f3n con el H. Ayuntamiento de Tonal\u00e1. \u2028Plaza Cihualpilli (Tonal\u00e1), 19:00 horas.<\/p>\n<h3>Jueves 27 de Octubre 2011<\/h3>\n<p><strong>Steve Koven Trio (Canad\u00e1)<\/strong> &#8211; En coparticipaci\u00f3n con el <a title=\"Festival Internacional Cervantino 2011\" href=\"http:\/\/www.travelbymexico.com\/blog\/8127-festival-cervantino-2011-invitados-de-honor-y-concierto-inaugural\/\" target=\"_blank\">Festival Internacional Cervantino\u2028<\/a>. Plaza Fundadores, 19:00 horas.<br \/>\n<strong>Conjunto Folcl\u00f3rico &#8220;Los Maipucitos&#8221; (Chile)<\/strong>\u2028, Dir. Carlos Reyes Hern\u00e1ndez\u2028, en coparticipaci\u00f3n con el H. Ayuntamiento de Chapala, Orquesta T\u00edpica de Chapala y el Semanario P\u00e1gina que s\u00ed se lee. \u00a0\u2028&#8221;La Vela&#8221; Malec\u00f3n de Chapala, 19:00 horas\u00a0\u2028\u2028XIV <strong>Entrega de La Presea &#8220;Pluma de Plata&#8221;<\/strong> a la escritora y comunicadora Hilda Mor\u00e1n del Castillo. Actuaci\u00f3n especial: Florencia Tinoco (soprano) y artistas invitados. Museo Regional de Guadalajara, 20:30 horas.<\/p>\n<h3>Viernes 28 de Octubre 2011<\/h3>\n<p><strong>Conjunto Folcl\u00f3rico Infantil &#8220;Los Maipucitos&#8221; (Chile)<\/strong>. Dir. Carlos Reyes Hern\u00e1ndez.<br \/>\n<strong>Ballet Folcl\u00f3rico Infantil &#8220;Los Gavilancitos&#8221;<\/strong>. Dir. Gabriela y Ver\u00f3nica Rodr\u00edguez. Plaza Fundadores, 19:00 horas.<\/p>\n<h3>S\u00e1bado 29 de Octubre 2011<\/h3>\n<p><strong>Ballet Folkl\u00f3rico Rarajipame (Chihuahua)<\/strong>. Dir. V\u00edctor Barriga. Plaza Fundadores, 19:00 horas.<\/p>\n<h3>Domingo 30 de Octubre 2011<\/h3>\n<p><strong>XVII Entrega de la Medalla &#8220;Rafael Zamarripa&#8221;<\/strong> al Maestro, Bailar\u00edn y Core\u00f3grafo Jorge Cano L\u00f3pez.<br \/>\n<strong>Ballet Folcl\u00f3rico de La Universidad de Colima<\/strong>. Dir. Rafael Zamarripa. Plaza Fundadores, 18:00 horas.<\/p>\n<h3>Lunes 31 de Octubre 2011<\/h3>\n<p><strong>Ballet Folcl\u00f3rico Guadalajara<\/strong>. Dir. Ignacio Garc\u00eda Prieto. Plaza Fundadores, 19:00 horas\u00a0\u2028.<\/p>\n<p><strong>V Ciclo de M\u00fasica Antigua &#8220;500 A\u00f1os de M\u00fasica&#8221;<\/strong> El Arte Vocal, Ensamble de M\u00fasica Antigua &#8220;Convivium musicum&#8221; y artistas invitados\u2028. Templo de La Merced, 20:00 horas.<\/p>\n<h3>Martes 01 de Noviembre 2011<\/h3>\n<p><strong>&#8220;Calacas Jazz Band&#8221;<\/strong> &#8211; Plaza Fundadores, 19:00 horas.<\/p>\n<h3>Mi\u00e9rcoles 02 de Noviembre 2011 &#8211; Altar De Muertos<\/h3>\n<p><strong>&#8220;In memoriam a Rita Guerrero&#8221;<\/strong> &#8211; La m\u00fasica est\u00e1 de luto se apaga una estrella. \u2028Espect\u00e1culo con artistas invitados. Realizaci\u00f3n del altar por Carlos Sandoval Linares. \u2028Plaza Fundadores, 19:00 horas.<\/p>\n<h3>Jueves 03 de Noviembre 2011<\/h3>\n<p><strong>&#8220;Ensamble Zontla&#8221;<\/strong> &#8211; Lugar donde abunda el son. Dir. Jaime Y\u00e1\u00f1ez. \u2028Plaza Fundadores, 19:00 horas\u00a0\u2028\u2028&#8221;Chilaquiles Verdes&#8221; Son Jarocho. Plaza Fundadores, 20:00 horas.<\/p>\n<p><strong>\u2028\u2028Historia, Personajes y Leyendas &#8220;Sucedi\u00f3 en El Pante\u00f3n de Bel\u00e9n&#8221;<\/strong>, con la primera actriz Gabriela Araujo y artistas invitados. Pante\u00f3n de Bel\u00e9n, 20:00 y 22:00 horas.<\/p>\n<h3>Viernes 04 de Noviembre 2011<\/h3>\n<p><strong>Premiaci\u00f3n: XXII Concurso Nacional de Labrado en Cantera<\/strong>.<br \/>\n<strong>XIV Edici\u00f3n &#8220;Los Peque\u00f1os Artesanos&#8221;<\/strong>.<br \/>\n<strong>&#8220;Chilaquiles Verdes&#8221;<\/strong>. Son Jarocho. Plaza de La Liberaci\u00f3n, 18:00 horas.<br \/>\n<strong>&#8220;Telpoch Cuicani&#8221;<\/strong>. M\u00fasica Mexicana de Fusi\u00f3n. Plaza Fundadores, 19:00 horas.<br \/>\n<strong>XVIII Entrega de La Medalla &#8220;Francisco Medina Ascencio&#8221;<\/strong> al Maestro, Promotor e Investigador Luis Guillermo Moncayo Gonz\u00e1lez.<\/p>\n<p><strong>&#8220;Orquesta Filarm\u00f3nica de Jalisco&#8221;<\/strong>, Director Hu\u00e9sped: Rodrigo Mac\u00edas. <strong>Solista: Ra\u00fal Jaurena (Bandone\u00f3n) Uruguay<\/strong>. Teatro Degollado, 20:30 horas.<\/p>\n<h3>S\u00e1bado 05 de Noviembre 2011<\/h3>\n<p>&#8220;Ballet Folcl\u00f3rico del Municipio de Ensenada&#8221; (Baja California), Dir. Octavio Guti\u00e9rrez. Plaza Fundadores, 19:00 horas.<\/p>\n<h3>Domingo 06 de Noviembre 2011<\/h3>\n<p>IX Entrega de La Presea &#8220;Fundadores&#8221; a\u00a0 &#8220;El Colegio de Jalisco&#8221;. \u2028\u2028&#8221;Concierto de Clausura&#8221; &#8211; Orquesta Filarm\u00f3nica de Jalisco<br \/>\nDirector Hu\u00e9sped: Rodrigo Macias. Solista: Ra\u00fal Jaurena (Bandone\u00f3n) Uruguay. \u2028Plaza Fundadores, 18:00 horas.<\/p>\n<h3>Cartelera de Cine &#8211; Festival Cultural &#8220;Fiestas de Octubre 2011&#8221;<\/h3>\n<p><em>A las 20:00 horas en el Cinemas Lumiere: Av. Acueducto No. 6050, colonia Lomas del Bosque, Zapopan, Jalico.<\/em><\/p>\n<p>Lunes 10 de Octubre \u2013 &#8220;La Regata&#8221;. B\u00e9lgica. Director: Bernard Belledfrold<br \/>\nLunes 17 de Octubre &#8211; &#8220;El viaje del director de recursos humanos&#8221;. Israel, Rumania. Director: Eron Riklis<br \/>\nLunes 24 de Octubre \u2013 &#8220;Una joven y bella esposa Naomi&#8221;. Israel. Director: Eiton Zur.<br \/>\nLunes 31 de Octubre &#8211; &#8220;Buda explot\u00f3 por verg\u00fcenza&#8221;. Ir\u00e1n. Director: Hono Mokhmolbof<\/p>\n<h3>Acerca de la Ciudad de Guadalajara\u00a0 <strong><\/strong><\/h3>\n<p><strong><a title=\"Reserva un Hotel en la Ciudad de Guadalajara: tarifas, servicios, fotos, mapa\" href=\"http:\/\/www.travelbymexico.com\/guadalajara\/hoteles\" target=\"_blank\">Reserva un Hotel en Guadalajara<\/a><\/strong><\/p>\n<p><strong><a title=\"Atractivos Tur\u00edsticos de Guadalajara y alrededores\" href=\"http:\/\/www.travelbymexico.com\/guadalajara\/atractivos\/index.php\" target=\"_blank\">Descubre los lugares de int\u00e9res tur\u00edstico en Guadalajara y sus alrededores<\/a>\u00a0<\/strong><\/p>\n<p><strong><a title=\"Reportaje sobre la ciudad de Guadalajara\" href=\"http:\/\/www.travelbymexico.com\/guadalajara\/reportajes\/index.php?nom=bgdlcdguadalajara&amp;don=5\" target=\"_blank\">Reportaje acerca de la Ciudad de Guadalajara<\/a><\/strong><\/p>\n","protected":false},"excerpt":{"rendered":"<p>Las fiestas de octubre 2011, edici\u00f3n &#8220;Am\u00e9rica nos une en Guadalajara&#8221;, es un festival cultural que se realizar\u00e1 a partir<\/p>\n","protected":false},"author":2,"featured_media":10101,"comment_status":"closed","ping_status":"open","sticky":false,"template":"","format":"standard","meta":[],"categories":[37,14],"tags":[103,1484,1441,360,400,509,543,2047,604,620,845,993,1163],"_links":{"self":[{"href":"https:\/\/www.travelbymexico.com\/blog\/wp-json\/wp\/v2\/posts\/10099"}],"collection":[{"href":"https:\/\/www.travelbymexico.com\/blog\/wp-json\/wp\/v2\/posts"}],"about":[{"href":"https:\/\/www.travelbymexico.com\/blog\/wp-json\/wp\/v2\/types\/post"}],"author":[{"embeddable":true,"href":"https:\/\/www.travelbymexico.com\/blog\/wp-json\/wp\/v2\/users\/2"}],"replies":[{"embeddable":true,"href":"https:\/\/www.travelbymexico.com\/blog\/wp-json\/wp\/v2\/comments?post=10099"}],"version-history":[{"count":7,"href":"https:\/\/www.travelbymexico.com\/blog\/wp-json\/wp\/v2\/posts\/10099\/revisions"}],"predecessor-version":[{"id":10112,"href":"https:\/\/www.travelbymexico.com\/blog\/wp-json\/wp\/v2\/posts\/10099\/revisions\/10112"}],"wp:featuredmedia":[{"embeddable":true,"href":"https:\/\/www.travelbymexico.com\/blog\/wp-json\/wp\/v2\/media\/10101"}],"wp:attachment":[{"href":"https:\/\/www.travelbymexico.com\/blog\/wp-json\/wp\/v2\/media?parent=10099"}],"wp:term":[{"taxonomy":"category","embeddable":true,"href":"https:\/\/www.travelbymexico.com\/blog\/wp-json\/wp\/v2\/categories?post=10099"},{"taxonomy":"post_tag","embeddable":true,"href":"https:\/\/www.travelbymexico.com\/blog\/wp-json\/wp\/v2\/tags?post=10099"}],"curies":[{"name":"wp","href":"https:\/\/api.w.org\/{rel}","templated":true}]}}